{"id":5761,"date":"2020-11-24T11:59:58","date_gmt":"2020-11-24T10:59:58","guid":{"rendered":"https:\/\/www.comptoirdesmillesimes.com\/blog\/?p=5761"},"modified":"2020-11-24T16:02:35","modified_gmt":"2020-11-24T15:02:35","slug":"invest-wine-cote-rotie","status":"publish","type":"post","link":"https:\/\/www.comptoirdesmillesimes.com\/blog\/en\/invest-wine-cote-rotie\/","title":{"rendered":"Which C\u00f4te-R\u00f4tie wines to invest in?"},"content":{"rendered":"<p lang=\"fr-FR\" align=\"CENTER\"><span style=\"color: #000000;\"><span style=\"font-family: Times New Roman, serif;\"><span style=\"font-size: xx-large;\">HOW TO INVEST IN WINE?<\/span><\/span><\/span><\/p>\n<p lang=\"fr-FR\" align=\"CENTER\"><span style=\"color: #000000;\"><span style=\"font-family: Times New Roman, serif;\"><span style=\"font-size: large;\">Or rather, which wines to invest in?<\/span><\/span><\/span><\/p>\n<p lang=\"fr-FR\" align=\"CENTER\"><span style=\"color: #000000;\"><span style=\"font-family: Times New Roman, serif;\"><span style=\"font-size: medium;\"><i>We've chosen to use the word investment, not to advise you to buy a particular bottle in order to make a capital gain in a few years' time, but rather to invest in certain appellations or estates that will be harder to afford in a few years' time.<\/i><\/span><\/span><\/span><\/p>\n<h2 lang=\"fr-FR\" style=\"text-align: center;\"><span style=\"color: #000000;\"><span style=\"font-family: Times New Roman, serif;\"><span style=\"font-size: medium;\"><b>Which C\u00f4te-R\u00f4tie wines?\u00a0<\/b><\/span><\/span><\/span><\/h2>\n<p lang=\"fr-FR\"><span style=\"color: #000000;\"><span style=\"font-family: Times New Roman, serif;\"><span style=\"font-size: medium;\">For this second focus on the Vall\u00e9e-du-Rh\u00f4ne, we've decided to talk to you about the appellation <\/span><\/span><\/span><span style=\"color: #000000;\"><span style=\"font-family: Times New Roman, serif;\"><span style=\"font-size: medium;\"><span lang=\"fr-FR\"><b><a href=\"https:\/\/www.comptoirdesmillesimes.com\/cote-rotie\">C\u00f4te-R\u00f4tie<\/a>. <\/b><\/span><span lang=\"fr-FR\">Although the reputation of the AOC is well established, we consider it to be one of the most underrated appellations in the wine world. It is one of the smallest appellations, with no more than 320 hectares of production, shared between a hundred or so winegrowers. <\/span><\/span><\/span><\/span><span style=\"color: #000000;\"><span style=\"font-family: Times New Roman, serif;\"><span style=\"font-size: medium;\">60 estates produce appellation wines, including 73 classified lieux-dits. <\/span><\/span><\/span><span style=\"color: #000000;\"><span style=\"font-family: Times New Roman, serif;\"><span style=\"font-size: medium;\">The appellation produces only red wines, with Syrah as the only permitted red grape variety. <\/span><\/span><\/span><span style=\"color: #000000;\"><span style=\"font-family: Times New Roman, serif;\"><span style=\"font-size: medium;\">This can be sweetened up to 20% with Viognier, a white grape variety found in Condrieu. <\/span><\/span><\/span><span style=\"color: #000000;\"><span style=\"font-family: Times New Roman, serif;\"><span style=\"font-size: medium;\">Much of the character of these wines lies in their terroir. In the north, the soils are of brown Micaschiste rock, which produces powerful wines, while in the south, the Migmatite rocks derived from Gneiss parent rock are blond in color and produce more elegant wines. <\/span><\/span><\/span><span style=\"color: #000000;\"><span style=\"font-family: Times New Roman, serif;\"><span style=\"font-size: medium;\">As a rule, the wines are powerful, spicy and highly complex. <\/span><\/span><\/span><span style=\"color: #000000;\"><span style=\"font-family: Times New Roman, serif;\"><span style=\"font-size: medium;\">In this appellation, several winemakers are already making their mark, such as Yves Cuilleron, Pierre Gaillard and Yves Gangloff, among others, but we wanted to tell you about two estates that deserve a closer look.<\/span><\/span><\/span><\/p>\n<blockquote>\n<p lang=\"fr-FR\"><a href=\"https:\/\/www.comptoirdesmillesimes.com\/cote-rotie\"><strong>&gt; Great Wines of C\u00f4te-R\u00f4tie in stock<\/strong><\/a><\/p>\n<\/blockquote>\n<h3 lang=\"fr-FR\"><a href=\"https:\/\/www.comptoirdesmillesimes.com\/cote-rotie\"><img loading=\"lazy\" decoding=\"async\" class=\"aligncenter size-full wp-image-5769\" src=\"https:\/\/www.comptoirdesmillesimes.com\/blog\/wp-content\/uploads\/2020\/11\/vin-de-cote-rotie-a-decouvrir.jpg\" alt=\"domaines montants de cote rotie\" width=\"600\" height=\"321\" \/><\/a><\/h3>\n<h3 lang=\"fr-FR\" style=\"text-align: center;\"><span style=\"color: #000000;\"><span style=\"font-family: Times New Roman, serif;\"><span style=\"font-size: medium;\"><b>LE DOMAINE DUCLAUX<\/b><\/span><\/span><\/span><\/h3>\n<p lang=\"fr-FR\"><span style=\"color: #000000;\"><span style=\"font-family: Times New Roman, serif;\"><span style=\"font-size: medium;\">David &amp; Benjamin are two brothers who work their vineyards with the greatest respect.\u00a0<\/span><\/span><\/span><span style=\"color: #000000;\"><span style=\"font-family: Times New Roman, serif;\"><span style=\"font-size: medium;\">Heir to the family estate created in 1928 by their great-grandfather, he benefits from 5.8 hectares of vines located on the slopes of Tupons and Semons, in the south of the appellation.\u00a0<\/span><\/span><\/span><span style=\"color: #000000;\"><span style=\"font-family: Times New Roman, serif;\"><span style=\"font-size: medium;\">They don't believe in heavy ageing, but rather in producing fine, elegant wines that benefit from the Gneiss soils, which provide all the complexity and delicacy required. <\/span><\/span><\/span><\/p>\n<p lang=\"fr-FR\"><span style=\"color: #000000;\"><span style=\"font-family: Times New Roman, serif;\"><span style=\"font-size: medium;\">The estate produces 3 C\u00f4te-R\u00f4tie wines:<\/span><\/span><\/span><\/p>\n<ul>\n<li lang=\"en-GB\"><span style=\"color: #000000;\"><span style=\"font-family: Times New Roman, serif;\"><span style=\"font-size: medium;\"><span lang=\"fr-FR\"><b>Maison Rouge,<\/b><\/span><span lang=\"fr-FR\"> the estate's flagship cuv\u00e9e, from their finest terroirs. A 100% Syrah cuv\u00e9e aged for 20 months in demi-muids. Elegant, fine and with melted tannins, this <\/span><\/span><\/span><\/span><span style=\"color: #000000;\"><span style=\"font-family: Times New Roman, serif;\"><span style=\"font-size: medium;\">C\u00f4te-R\u00f4tie will surprise you with its power and richness.<\/span><\/span><\/span><\/li>\n<li lang=\"en-GB\"><span style=\"color: #000000;\"><span style=\"font-family: Times New Roman, serif;\"><span style=\"font-size: medium;\"><span lang=\"fr-FR\"><b>La Germine<\/b><\/span><span lang=\"fr-FR\">A blend with 5% of Viognier. With its less rich soils, it offers a fruitier, greedier wine.<\/span><\/span><\/span><\/span><\/li>\n<li lang=\"en-GB\"><span style=\"color: #000000;\"><span style=\"font-family: Times New Roman, serif;\"><span style=\"font-size: medium;\"><span lang=\"fr-FR\"><b>La Chana<\/b><\/span><span lang=\"fr-FR\"> is one of the more floral C\u00f4te-R\u00f4tie wines, benefiting from a strong presence of Viognier, which brings all its sweetness and notes of flowers and white fruit.<\/span><\/span><\/span><\/span><\/li>\n<\/ul>\n<p lang=\"fr-FR\" align=\"CENTER\"><em><span style=\"color: #000000;\"><span style=\"font-family: Times New Roman, serif;\"><span style=\"font-size: medium;\">We invite you to discover this estate very quickly, as the very confidential production of these three cuv\u00e9es, especially the Maison Rouge, is disappearing fast.<\/span><\/span><\/span><\/em><\/p>\n<blockquote>\n<p lang=\"fr-FR\" style=\"text-align: left;\" align=\"CENTER\"><strong><a href=\"https:\/\/www.comptoirdesmillesimes.com\/gilles-barge\">&gt; Order Domaine Duclaux wines<\/a><\/strong><\/p>\n<\/blockquote>\n<p lang=\"fr-FR\" style=\"text-align: center;\"><a href=\"https:\/\/www.comptoirdesmillesimes.com\/gilles-barge\"><span style=\"color: #000000;\"><span style=\"font-family: Times New Roman, serif;\"><span style=\"font-size: medium;\"><b>LE DOMAINE BARGE<\/b><\/span><\/span><\/span><\/a><\/p>\n<p lang=\"fr-FR\"><span style=\"color: #000000;\"><span style=\"font-family: Times New Roman, serif;\"><span style=\"font-size: medium;\">The second estate we wanted to introduce you to in the C\u00f4te-R\u00f4tie appellation, located in the commune of Ampuis, is Domaine Barge.\u00a0<\/span><\/span><\/span><span style=\"color: #000000;\"><span style=\"font-family: Times New Roman, serif;\"><span style=\"font-size: medium;\">A highly confidential estate that has belonged to the Barge family since 1860, the generations have succeeded one another to make way for Julien Barge, who has been in charge of the estate since 2019.\u00a0<\/span><\/span><\/span><span style=\"color: #000000;\"><span style=\"font-family: Times New Roman, serif;\"><span style=\"font-size: medium;\">The estate owns 5.7 hectares of vines in the C\u00f4te-R\u00f4tie appellation, some of which have been planted since 1947. <\/span><\/span><\/span><span style=\"color: #000000;\"><span style=\"font-family: Times New Roman, serif;\"><span style=\"font-size: medium;\">Denser and more powerful, the domaine's cuv\u00e9es are distinguished by their aromatic richness, while offering silky tannins after a few years. The domaine produces 2 wines in the appellation.<\/span><\/span><\/span><\/p>\n<ul>\n<li lang=\"fr-FR\"><span style=\"color: #000000;\"><span style=\"font-family: Times New Roman, serif;\"><span style=\"font-size: medium;\"><b>La C\u00f4te Blonde<\/b>This is a small parcel of less than a hectare, some of whose vines were planted between 1947 and 1952, and which is run at 100% under organic farming methods.<\/span><\/span><\/span><\/li>\n<li lang=\"fr-FR\"><span style=\"color: #000000;\"><span style=\"font-family: Times New Roman, serif;\"><span style=\"font-size: medium;\">Aged for 28 months in demi-muids, you'll need to wait between 10 and 15 years to enjoy this sweet beverage with its notes of red and candied fruit.<\/span><\/span><\/span><\/li>\n<li lang=\"fr-FR\"><span style=\"color: #000000;\"><span style=\"font-family: Times New Roman, serif;\"><span style=\"font-size: medium;\"><b>Le Combard<\/b> is the family's oldest property, as a long period of planting began during the First World War.<\/span><\/span><\/span><\/li>\n<\/ul>\n<p lang=\"fr-FR\"><span style=\"color: #000000;\"><span style=\"font-family: Times New Roman, serif;\"><span style=\"font-size: medium;\">Today, Domaine Barge manages 3 hectares of 50% of organic and 50% of integrated farming. What makes this terroir so special is its unique soil, with a volcanic chimney at the heart of the hillside, giving it remarkable power and ageing capacity. <\/span><\/span><\/span><span style=\"color: #000000;\"><span style=\"font-family: Times New Roman, serif;\"><span style=\"font-size: medium;\">If, however, you can't wait to taste one of the estate's cuv\u00e9es, start with the Cuv\u00e9e le Combard, which has a more expressive nose and palate when young.<\/span><\/span><\/span><\/p>\n<p lang=\"fr-FR\" align=\"CENTER\"><span style=\"color: #000000;\"><span style=\"font-family: Times New Roman, serif;\"><span style=\"font-size: medium;\"><i>The estate's two cuv\u00e9es are interesting. The first for the age and finesse of its vines, the second for the untapped potential of its soils, which undoubtedly need further work.<\/i><\/span><\/span><\/span><\/p>\n<blockquote>\n<p lang=\"fr-FR\" style=\"text-align: left;\" align=\"CENTER\"><strong><a href=\"https:\/\/www.comptoirdesmillesimes.com\/gilles-barge\">&gt; Order Domaine Gilles Barge wines<\/a><\/strong><\/p>\n<\/blockquote>\n<h2 lang=\"fr-FR\" align=\"CENTER\">A few examples of C\u00f4te-R\u00f4tie Grand Domaines:<\/h2>\n<blockquote>\n<p lang=\"fr-FR\" align=\"CENTER\"><a href=\"https:\/\/www.comptoirdesmillesimes.com\/guigal\">Domaine E. Guigal<\/a><\/p>\n<\/blockquote>\n<p lang=\"fr-FR\" align=\"CENTER\"><a href=\"https:\/\/www.comptoirdesmillesimes.com\/stephane-ogier\">St\u00e9phane Ogier<\/a><\/p>\n<p lang=\"fr-FR\" align=\"CENTER\"><a href=\"https:\/\/www.comptoirdesmillesimes.com\/yves-cuilleron\"> Yves Cuilleron <\/a><\/p>\n<p lang=\"fr-FR\" align=\"CENTER\"><a href=\"https:\/\/www.comptoirdesmillesimes.com\/rostaing\"> Rostaing<\/a><\/p>\n<p lang=\"fr-FR\" align=\"CENTER\"><a href=\"https:\/\/www.comptoirdesmillesimes.com\/georges-vernay\"> Georges Vernay<\/a><\/p>\n<p lang=\"fr-FR\" align=\"CENTER\"><a href=\"https:\/\/www.comptoirdesmillesimes.com\/pierre-gaillard\">Pierre Gaillard<\/a><\/p>\n<p lang=\"fr-FR\" align=\"CENTER\"><a href=\"https:\/\/www.comptoirdesmillesimes.com\/guy-bernard\"> Guy Bernard<\/a><\/p>\n<p lang=\"fr-FR\" align=\"CENTER\"><a href=\"https:\/\/www.comptoirdesmillesimes.com\/domaine-francois-villard\">Fran\u00e7ois Villard <\/a><\/p>\n<p lang=\"fr-FR\" align=\"CENTER\"><a href=\"https:\/\/www.comptoirdesmillesimes.com\/domaine-gangloff\">Domaine Gangloff<\/a><\/p>\n<p lang=\"fr-FR\" align=\"CENTER\"><a href=\"https:\/\/www.comptoirdesmillesimes.com\/delas-freres\">Delas Fr\u00e8res<\/a><\/p>\n<p lang=\"fr-FR\" align=\"CENTER\"><a href=\"https:\/\/www.comptoirdesmillesimes.com\/domaine-jamet\">Domaine Jamet<\/a><\/p>\n<p lang=\"fr-FR\" align=\"CENTER\">\n<h3 lang=\"fr-FR\" style=\"text-align: left;\" align=\"CENTER\">See also these articles:<\/h3>\n<ul>\n<li class=\"entry-title\"><a href=\"https:\/\/www.comptoirdesmillesimes.com\/blog\/meilleurs-vins-de-trilogie-e-guigal\/\" rel=\"bookmark\">COTE ROTIE | GUIGAL'S FINEST VINTAGES<\/a><\/li>\n<li class=\"entry-title\"><a href=\"https:\/\/www.comptoirdesmillesimes.com\/blog\/10-meilleurs-vins-cote-rotie\/\" rel=\"bookmark\">C\u00d4TE R\u00d4TIE: BEST WINES GUIDE &amp; RANKING<\/a><\/li>\n<li class=\"entry-title\"><a href=\"https:\/\/www.comptoirdesmillesimes.com\/blog\/cepages-vins-rhone\/\" rel=\"bookmark\">WHAT ARE THE GRAPE VARIETIES USED IN VINS DU RH\u00d4NE M\u00c9RIDIONALE AND SEPTENTRIONALE?<\/a><\/li>\n<\/ul>\n<p lang=\"fr-FR\" align=\"CENTER\"><div class=\"feedzy-82007f8b4c98b3f345b907ce0db6af25 feedzy-rss\"><ul><li  style=\"padding: 15px 0 25px\" class=\"rss_item\"><div class=\"rss_image\" style=\"height:150px;width:150px;\"><a href=\"https:\/\/www.comptoirdesmillesimes.com\/domaine-levet\/cote-rotie-amethyste-2022-domaine-levet.html\" target=\"_blank\" rel=\" noopener\" title=\"C\u00f4te R\u00f4tie Amethyste 2022 - Domaine Levet - \u20ac 49.00\" style=\"height:150px;width:150px;\"><img decoding=\"async\" src=\"https:\/\/www.comptoirdesmillesimes.com\/73731-small_default\/cote-rotie-amethyste-2022-domaine-levet.jpg\" title=\"C\u00f4te R\u00f4tie Amethyste 2022 - Domaine Levet - \u20ac 49.00\" style=\"height:150px;width:150px;\"><\/a><\/div><span class=\"title\"><a href=\"https:\/\/www.comptoirdesmillesimes.com\/domaine-levet\/cote-rotie-amethyste-2022-domaine-levet.html\" target=\"_blank\" rel=\" noopener\">C\u00f4te R\u00f4tie Amethyste 2022 - Domaine Levet - \u20ac 49.00<\/a><\/span><div class=\"rss_content\" style=\"\"><\/div><\/li><li  style=\"padding: 15px 0 25px\" class=\"rss_item\"><div class=\"rss_image\" style=\"height:150px;width:150px;\"><a href=\"https:\/\/www.comptoirdesmillesimes.com\/guy-bernard\/cote-rotie-coteaux-de-bassenon-2023-guy-bernard.html\" target=\"_blank\" rel=\" noopener\" title=\"C\u00f4te-Rotie Coteaux de Bassenon 2023 - Guy Bernard - \u20ac48.00\" style=\"height:150px;width:150px;\"><img decoding=\"async\" src=\"https:\/\/www.comptoirdesmillesimes.com\/73113-small_default\/cote-rotie-coteaux-de-bassenon-2023-guy-bernard.jpg\" title=\"C\u00f4te-Rotie Coteaux de Bassenon 2023 - Guy Bernard - \u20ac48.00\" style=\"height:150px;width:150px;\"><\/a><\/div><span class=\"title\"><a href=\"https:\/\/www.comptoirdesmillesimes.com\/guy-bernard\/cote-rotie-coteaux-de-bassenon-2023-guy-bernard.html\" target=\"_blank\" rel=\" noopener\">C\u00f4te-Rotie Coteaux de Bassenon 2023 - Guy Bernard - \u20ac48.00<\/a><\/span><div class=\"rss_content\" style=\"\"><\/div><\/li><li  style=\"padding: 15px 0 25px\" class=\"rss_item\"><div class=\"rss_image\" style=\"height:150px;width:150px;\"><a href=\"https:\/\/www.comptoirdesmillesimes.com\/domaine-levet\/cote-rotie-la-peroline-2022-domaine-levet.html\" target=\"_blank\" rel=\" noopener\" title=\"C\u00f4te R\u00f4tie La P\u00e9roline 2022 - Domaine Levet - \u20ac74.00\" style=\"height:150px;width:150px;\"><img decoding=\"async\" src=\"https:\/\/www.comptoirdesmillesimes.com\/73740-small_default\/cote-rotie-la-peroline-2022-domaine-levet.jpg\" title=\"C\u00f4te R\u00f4tie La P\u00e9roline 2022 - Domaine Levet - \u20ac74.00\" style=\"height:150px;width:150px;\"><\/a><\/div><span class=\"title\"><a href=\"https:\/\/www.comptoirdesmillesimes.com\/domaine-levet\/cote-rotie-la-peroline-2022-domaine-levet.html\" target=\"_blank\" rel=\" noopener\">C\u00f4te R\u00f4tie La P\u00e9roline 2022 - Domaine Levet - \u20ac74.00<\/a><\/span><div class=\"rss_content\" style=\"\"><\/div><\/li><li  style=\"padding: 15px 0 25px\" class=\"rss_item\"><div class=\"rss_image\" style=\"height:150px;width:150px;\"><a href=\"https:\/\/www.comptoirdesmillesimes.com\/domaine-duclaux\/cote-rotie-maison-rouge-2021-duclaux.html\" target=\"_blank\" rel=\" noopener\" title=\"C\u00f4te-Rotie Maison Rouge 2021 - Duclaux - \u20ac 69.00\" style=\"height:150px;width:150px;\"><img decoding=\"async\" src=\"https:\/\/www.comptoirdesmillesimes.com\/70829-small_default\/cote-rotie-maison-rouge-2021-duclaux.jpg\" title=\"C\u00f4te-Rotie Maison Rouge 2021 - Duclaux - \u20ac 69.00\" style=\"height:150px;width:150px;\"><\/a><\/div><span class=\"title\"><a href=\"https:\/\/www.comptoirdesmillesimes.com\/domaine-duclaux\/cote-rotie-maison-rouge-2021-duclaux.html\" target=\"_blank\" rel=\" noopener\">C\u00f4te-Rotie Maison Rouge 2021 - Duclaux - \u20ac 69.00<\/a><\/span><div class=\"rss_content\" style=\"\"><\/div><\/li><li  style=\"padding: 15px 0 25px\" class=\"rss_item\"><div class=\"rss_image\" style=\"height:150px;width:150px;\"><a href=\"https:\/\/www.comptoirdesmillesimes.com\/cote-rotie\/cote-rotie-2022-les-pierelles-paul-jaboulet-aine.html\" target=\"_blank\" rel=\" noopener\" title=\"C\u00f4te-Rotie 2022 Les Pierelles - Paul Jaboulet ain\u00e9 - \u20ac85.00\" style=\"height:150px;width:150px;\"><img decoding=\"async\" src=\"https:\/\/www.comptoirdesmillesimes.com\/72427-small_default\/cote-rotie-2022-les-pierelles-paul-jaboulet-aine.jpg\" title=\"C\u00f4te-Rotie 2022 Les Pierelles - Paul Jaboulet ain\u00e9 - \u20ac85.00\" style=\"height:150px;width:150px;\"><\/a><\/div><span class=\"title\"><a href=\"https:\/\/www.comptoirdesmillesimes.com\/cote-rotie\/cote-rotie-2022-les-pierelles-paul-jaboulet-aine.html\" target=\"_blank\" rel=\" noopener\">C\u00f4te-Rotie 2022 Les Pierelles - Paul Jaboulet ain\u00e9 - \u20ac85.00<\/a><\/span><div class=\"rss_content\" style=\"\"><\/div><\/li><\/ul> <\/div><style type=\"text\/css\" media=\"all\">.feedzy-rss .rss_item .rss_image{float:left;position:relative;border:none;text-decoration:none;max-width:100%}.feedzy-rss .rss_item .rss_image span{display:inline-block;position:absolute;width:100%;height:100%;background-position:50%;background-size:cover}.feedzy-rss .rss_item .rss_image{margin:.3em 1em 0 0;content-visibility:auto}.feedzy-rss ul{list-style:none}.feedzy-rss ul li{display:inline-block}<\/style><\/p>","protected":false},"excerpt":{"rendered":"<p>HOW TO INVEST IN WINE? Or rather, which wines to invest in? We've chosen to use the word investment, not to advise you to buy a particular bottle in order to make a capital gain in a few years' time, but rather to invest in certain appellations or estates that will be harder to afford in a few years' time. Which C\u00f4te-R\u00f4tie wines...<\/p>","protected":false},"author":14,"featured_media":5766,"comment_status":"open","ping_status":"open","sticky":false,"template":"","format":"standard","meta":{"_jetpack_memberships_contains_paid_content":false,"footnotes":""},"categories":[58,11],"tags":[],"class_list":["post-5761","post","type-post","status-publish","format-standard","has-post-thumbnail","hentry","category-investir-dans-le-vin","category-marche-du-vin"],"gutentor_comment":1,"jetpack_featured_media_url":"https:\/\/www.comptoirdesmillesimes.com\/blog\/wp-content\/uploads\/2020\/11\/investir-dans-le-vin-de-cote-rotie.jpg","jetpack_sharing_enabled":true,"_links":{"self":[{"href":"https:\/\/www.comptoirdesmillesimes.com\/blog\/en\/wp-json\/wp\/v2\/posts\/5761","targetHints":{"allow":["GET"]}}],"collection":[{"href":"https:\/\/www.comptoirdesmillesimes.com\/blog\/en\/wp-json\/wp\/v2\/posts"}],"about":[{"href":"https:\/\/www.comptoirdesmillesimes.com\/blog\/en\/wp-json\/wp\/v2\/types\/post"}],"author":[{"embeddable":true,"href":"https:\/\/www.comptoirdesmillesimes.com\/blog\/en\/wp-json\/wp\/v2\/users\/14"}],"replies":[{"embeddable":true,"href":"https:\/\/www.comptoirdesmillesimes.com\/blog\/en\/wp-json\/wp\/v2\/comments?post=5761"}],"version-history":[{"count":6,"href":"https:\/\/www.comptoirdesmillesimes.com\/blog\/en\/wp-json\/wp\/v2\/posts\/5761\/revisions"}],"predecessor-version":[{"id":5767,"href":"https:\/\/www.comptoirdesmillesimes.com\/blog\/en\/wp-json\/wp\/v2\/posts\/5761\/revisions\/5767"}],"wp:featuredmedia":[{"embeddable":true,"href":"https:\/\/www.comptoirdesmillesimes.com\/blog\/en\/wp-json\/wp\/v2\/media\/5766"}],"wp:attachment":[{"href":"https:\/\/www.comptoirdesmillesimes.com\/blog\/en\/wp-json\/wp\/v2\/media?parent=5761"}],"wp:term":[{"taxonomy":"category","embeddable":true,"href":"https:\/\/www.comptoirdesmillesimes.com\/blog\/en\/wp-json\/wp\/v2\/categories?post=5761"},{"taxonomy":"post_tag","embeddable":true,"href":"https:\/\/www.comptoirdesmillesimes.com\/blog\/en\/wp-json\/wp\/v2\/tags?post=5761"}],"curies":[{"name":"wp","href":"https:\/\/api.w.org\/{rel}","templated":true}]}}