{"id":78,"date":"2013-08-09T12:46:32","date_gmt":"2013-08-09T11:46:32","guid":{"rendered":"https:\/\/www.comptoirdesmillesimes.com\/blog\/?p=78"},"modified":"2018-12-07T15:51:19","modified_gmt":"2018-12-07T14:51:19","slug":"vins-cave-de-elysee","status":"publish","type":"post","link":"https:\/\/www.comptoirdesmillesimes.com\/blog\/en\/vins-cave-de-elysee\/","title":{"rendered":"Wines from the Elys\u00e9e cellar: French history in a bottle"},"content":{"rendered":"<p><span style=\"font-family: verdana, geneva;\"><img loading=\"lazy\" decoding=\"async\" class=\"alignleft wp-image-83\" src=\"https:\/\/www.comptoirdesmillesimes.com\/blog\/wp-content\/uploads\/2013\/08\/cave-de-lelys\u00e9e1.jpg\" alt=\"cave de l&#039;elys\u00e9e\" width=\"235\" height=\"141\" srcset=\"https:\/\/www.comptoirdesmillesimes.com\/blog\/wp-content\/uploads\/2013\/08\/cave-de-lelys\u00e9e1.jpg 640w, https:\/\/www.comptoirdesmillesimes.com\/blog\/wp-content\/uploads\/2013\/08\/cave-de-lelys\u00e9e1-300x179.jpg 300w\" sizes=\"auto, (max-width: 235px) 100vw, 235px\" \/><\/span><\/p>\n<p style=\"text-align: justify;\"><span style=\"font-family: verdana, geneva; font-size: 12px;\">May 30 and 31, 2013 saw the auction of part of the <a title=\"Bottles from the Elys\u00e9e cellar\" href=\"https:\/\/www.comptoirdesmillesimes.com\/la-cave-de-l-elysee\" target=\"_blank\" rel=\"noopener\"><strong>cave de l'Elys\u00e9e<\/strong><\/a>This was the first time in the history of the French presidency that 1,200 bottles were sold straight from the presidential cellar. The cellar, created in 1947 under Vincent Auriol, attracted a large number of enthusiasts and curious onlookers to the Drouot auction room in Paris.<!--more--><\/span><\/p>\n<p style=\"text-align: justify;\"><span style=\"font-family: verdana, geneva;\"><span style=\"font-size: 12px;\">The idea is interesting, but everyone has their own opinion, like Michel-Jack Chasseuil, who wasted no time in writing to the President of the Republic in person to express his indignation (<\/span><a style=\"font-family: arial, helvetica, sans-serif; font-size: 12px;\" href=\"http:\/\/www.larvf.com\/,vins-vente-de-la-cave-de-l-elysee-le-coup-de-gueule-du-collectionneur-michel-jack-chasseuil,2001118,4300388.asp\" target=\"_blank\" rel=\"noopener external nofollow\">see the RVF article<\/a><span style=\"font-size: 12px;\">). At the same time, everyone works this way\u00a0<\/span><span style=\"font-size: 12px; line-height: 19px;\">today: the<\/span><span style=\"font-size: 12px;\">eminent hotels, Michelin-starred restaurants and even pure wine enthusiasts. Selling part of one's cellar, the \"fins de loges\", in order to be able to buy other bottles is becoming commonplace.<\/span><\/span><\/p>\n<p style=\"text-align: center;\"><strong><a href=\"https:\/\/www.comptoirdesmillesimes.com\/content\/cadeau-vin-millesime\">\u25ba Cadeau vin : Create your own gift box of grands crus \u25c4\u00a0<\/a><\/strong><\/p>\n<p><span style=\"font-family: verdana, geneva;\"><span style=\"font-size: 12px;\">So we went to the sale with all guns blazing, happy to be preserving France's heritage and looking for nuggets.\u00a0<\/span><span style=\"font-size: 12px;\">that will delight a few enthusiasts.<\/span><span style=\"line-height: 1.6;\">\u00a0<\/span><span style=\"font-size: 12px;\">But we had to face the facts. Apart from a few Parisian enthusiasts, French was not the official language in this hall. Chinese, Americans and Russians dominated the market! A Hong Kong importer even took almost half the sale. <\/span><span style=\"font-size: 12px;\">We had to make room, find bottles with a story to tell without paying 10 or 20 times the price, as was the case with the first lots (Cognac boxes estimated at 150\u20ac, gone for over 2000\u20ac! ).<\/span><\/span><\/p>\n<p><img loading=\"lazy\" decoding=\"async\" class=\"wp-image-82 alignright\" style=\"margin-top: 0.4em; font-size: 12px;\" title=\"Cave de l&#039;Elys\u00e9e\" src=\"https:\/\/www.comptoirdesmillesimes.com\/blog\/wp-content\/uploads\/2013\/08\/macaron-palai-de-l-elysee.png\" alt=\"macaron palai de l&#039;elysee\" width=\"295\" height=\"121\" srcset=\"https:\/\/www.comptoirdesmillesimes.com\/blog\/wp-content\/uploads\/2013\/08\/macaron-palai-de-l-elysee.png 380w, https:\/\/www.comptoirdesmillesimes.com\/blog\/wp-content\/uploads\/2013\/08\/macaron-palai-de-l-elysee-300x123.png 300w\" sizes=\"auto, (max-width: 295px) 100vw, 295px\" \/><\/p>\n<p style=\"text-align: justify;\"><span style=\"font-family: verdana, geneva; font-size: 12px;\">Of course, you don't come here to pick up your red wine for the Sunday barbecue. The first <strong>Bordeaux grands crus, Burgundy<\/strong> in all its splendour and even some superb <strong>wines<\/strong> <strong>Loire<\/strong> such as the famous <a title=\"Cuv\u00e9e des Loups - Cave de l&#039;Elys\u00e9e\" href=\"https:\/\/www.comptoirdesmillesimes.com\/la-cave-de-l-elysee\/cuvee-des-loups-1990-.html\" target=\"_blank\" rel=\"noopener\">cuv\u00e9e des loups<\/a> \"by Jacky Blot were present. The little macaroon \"\u00a0<strong>\u00c9lys\u00e9e Palace<\/strong>\" affixed to all the bottles in the sale, drove up the price of these .... bottles. The price of rarity, several stories in each bottle, pure madness!<\/span><\/p>\n<p style=\"text-align: center;\"><a title=\"Wines from the Elys\u00e9e cellar\" href=\"https:\/\/www.comptoirdesmillesimes.com\/blog\/wp-content\/uploads\/2013\/08\/zgdft-015.jpg\" target=\"_blank\" rel=\"noopener\"><span style=\"font-family: verdana, geneva;\"><img loading=\"lazy\" decoding=\"async\" class=\"wp-image-84 aligncenter\" style=\"line-height: 19px;\" title=\"Wines from the Elys\u00e9e cellar\" src=\"https:\/\/www.comptoirdesmillesimes.com\/blog\/wp-content\/uploads\/2013\/08\/zgdft-015.jpg\" alt=\"Bottles cave de l&#039;\u00e9lys\u00e9e\" width=\"497\" height=\"331\" srcset=\"https:\/\/www.comptoirdesmillesimes.com\/blog\/wp-content\/uploads\/2013\/08\/zgdft-015.jpg 3456w, https:\/\/www.comptoirdesmillesimes.com\/blog\/wp-content\/uploads\/2013\/08\/zgdft-015-300x200.jpg 300w, https:\/\/www.comptoirdesmillesimes.com\/blog\/wp-content\/uploads\/2013\/08\/zgdft-015-1024x682.jpg 1024w\" sizes=\"auto, (max-width: 497px) 100vw, 497px\" \/><\/span><\/a><\/p>\n<p style=\"text-align: justify;\"><span style=\"font-family: verdana, geneva;\"><a title=\"Cave de l&#039;Elys\u00e9e\" href=\"https:\/\/www.comptoirdesmillesimes.com\/la-cave-de-l-elysee\" target=\"_blank\" rel=\"noopener\"><span style=\"font-size: 16px;\"><span style=\"text-decoration: underline;\"><strong>R<\/strong><\/span><span style=\"text-decoration: underline;\"><strong>ock out our selection and imagine that this bottle of :<\/strong><\/span><\/span><\/a><\/span><\/p>\n<p><img loading=\"lazy\" decoding=\"async\" class=\"alignleft wp-image-101\" style=\"line-height: 19px;\" src=\"https:\/\/www.comptoirdesmillesimes.com\/blog\/wp-content\/uploads\/2013\/08\/598377_france-kennedy-de-gaulle-1961-300x205.jpg\" alt=\"FRANCE-KENNEDY-DE GAULLE-1961\" width=\"320\" height=\"205\" \/><\/p>\n<p style=\"text-align: justify;\"><span style=\"font-family: verdana, geneva;\"><a title=\"Cap de Mourlin 1945 cave de l&#039;Elys\u00e9e\" href=\"https:\/\/www.comptoirdesmillesimes.com\/chateau-cap-de-mourlin\/chateau-cap-de-mourlin-1945.html\" target=\"_blank\" rel=\"noopener\"><span style=\"text-align: left; font-size: 14px;\"><strong>Cap de Mourlin 1945<\/strong><\/span><\/a><span style=\"font-size: 12px; line-height: 1.6; text-align: left;\"> would have been drunk by General de Gaulle when he met\u00a0<\/span><\/span><span style=\"font-family: verdana, geneva;\"><span style=\"font-size: 12px; line-height: 1.6; text-align: left;\">with John Fitzgerald Kennedy in May 1961, just after his election. JFK is said to have insisted that he couldn't come to France without drinking a Grand St Emilion from 1945, to celebrate!<\/span><\/span><\/p>\n<p style=\"text-align: justify;\"><span style=\"font-family: verdana, geneva; font-size: 12px;\"><a title=\"Haut Brion 1970 from the l&#039;\u00e9lys\u00e9e cellar\" href=\"https:\/\/www.comptoirdesmillesimes.com\/chateau-haut-brion\/haut-brion-1970.html\" target=\"_blank\" rel=\"noopener\"><span style=\"font-size: 14px;\"><strong>Haut-Brion 1970<\/strong><\/span><\/a> was drunk on May 10th 1981 (Fran\u00e7ois Mitterrand's victory) by Val\u00e9ry Giscard d'Estaing, he went down to the cellar, furious, and said: \"I won't let him have my <a title=\"Haut Brion 1973 from the Cave de l&#039;Elys\u00e9e\" href=\"https:\/\/www.comptoirdesmillesimes.com\/chateau-haut-brion\/haut-brion-1970.html\" target=\"_blank\" rel=\"noopener\">Haut-Brion 1970<\/a> ... Raymond Barre would have helped him by attacking the <a title=\"Haut brion white 1976\" href=\"https:\/\/www.comptoirdesmillesimes.com\/chateau-haut-brion\/haut-brion-blanc-1976.html\" target=\"_blank\" rel=\"noopener\"><span style=\"font-size: 14px;\"><strong>Haut-Brion White 1976<\/strong><\/span><\/a>. Legend also has it that Jacques Chirac called Raymond Barre after his victory in 1995, saying: \"There's some HBB 1990 left (code name for Haut Brion Blanc), Mitterrand didn't drink it all! And Raymond is said to have taken the keys to the R25 and driven off to the<strong>Elys\u00e9e<\/strong> illico!<\/span><\/p>\n<p style=\"text-align: justify;\"><span style=\"font-family: verdana, geneva; font-size: 12px;\"><a title=\"Ausone 1975 de la cave de l&#039;elys\u00e9e\" href=\"https:\/\/www.comptoirdesmillesimes.com\/chateau-ausone\/chateau-ausone-1975.html\" target=\"_blank\" rel=\"noopener\"><span style=\"font-size: 14px;\"><strong>Ausone 1975<\/strong><\/span><\/a> would have been drunk in September 1981 to celebrate the abolition of the death penalty. Mitterrand had warned: A great reform = a great wine in a great year. Not a bad way to motivate the troops!<\/span><\/p>\n<p style=\"text-align: justify;\"><span style=\"font-family: verdana, geneva; font-size: 12px;\"><a title=\"Mission haut brion 1990 cave de l&#039;Elys\u00e9e\" href=\"https:\/\/www.comptoirdesmillesimes.com\/la-mission-haut-brion\/chateau-la-mission-haut-brion-1990.html\" target=\"_blank\" rel=\"noopener\"><span style=\"font-size: 14px;\"><strong>Mission Haut-Brion 1990<\/strong><\/span><\/a> was drunk by Jacques Chirac with Fernando Caroso (President of Brazil) during the third half of the Soccer World Cup final on July 12, 1998. The kind of wine that presidents like to drink with their counterparts, the kind that represents excellence \u00e0 la Fran\u00e7aise, in all humility!<\/span><\/p>\n<p style=\"text-align: justify;\"><span style=\"font-family: verdana, geneva; font-size: 12px;\"><span style=\"font-size: 14px;\"><strong><a title=\"Lafite 1986 cave de l&#039;Elys\u00e9e\" href=\"https:\/\/www.comptoirdesmillesimes.com\/chateau-lafite-rothschild\/chateau-lafite-rothschild-1986.html\" target=\"_blank\" rel=\"noopener\">Lafite 1986<\/a> and <a title=\"Haut brion 1989 cave de l&#039;Elys\u00e9e\" href=\"https:\/\/www.comptoirdesmillesimes.com\/chateau-haut-brion\/chateau-haut-brion-1989-elysee.html\" target=\"_blank\" rel=\"noopener\">Haut Brion 1989<\/a><\/strong><\/span>. We're talking about the cr\u00e8me de la cr\u00e8me of French wine. Mythical bottles in exceptional vintages, benchmarks in the field. It's hard to imagine the context in which these nuggets were tasted. <\/span><\/p>\n<p style=\"text-align: justify;\"><span style=\"font-family: verdana, geneva; font-size: 14px; color: #ff9900;\"><em><span style=\"text-decoration: underline;\"><strong>What about you? Which\u00a0<span style=\"line-height: 19px;\">event<\/span>\u00a0would you have associated with these bottles?<\/strong><\/span><\/em><\/span><\/p>\n<p style=\"text-align: justify;\"><strong><span style=\"font-family: verdana, geneva;\">\u25ba\u25ba\u00a0<a title=\"Cave de l&#039;\u00e9lys\u00e9e\" href=\"https:\/\/www.comptoirdesmillesimes.com\/la-cave-de-l-elysee\" target=\"_blank\" rel=\"noopener\">Access the complete selection of wines from the Palais de l'Elys\u00e9e cellar HERE<\/a><\/span><\/strong><\/p>\n<p style=\"text-align: justify;\"><span style=\"font-family: verdana, geneva;\">The complete list of Cave de l'Elys\u00e9e wines on sale at Comptoir des Mill\u00e9simes :<\/span><\/p>\n<ul>\n<li><a style=\"line-height: 1.6; text-align: left;\" title=\"Cuv\u00e9e des loups 1990 cave de l&#039;\u00e9lys\u00e9e\" href=\"https:\/\/www.comptoirdesmillesimes.com\/la-cave-de-l-elysee\/cuvee-des-loups-1990-.html\" target=\"_blank\" rel=\"noopener\">Cuv\u00e9e des loups 1990 - Domaine de la taille aux loups - Jacky Blot<\/a><\/li>\n<li><a style=\"line-height: 1.6; text-align: left;\" title=\"Batard-Montrachet 1998 - Louis Jadot - Elys\u00e9e\" href=\"https:\/\/www.comptoirdesmillesimes.com\/louis-jadot\/batard-montrachet-1998-louis-jadot.html\" target=\"_blank\" rel=\"noopener\">Batard-Montrachet 1998 - Louis Jadot<\/a><\/li>\n<li><a style=\"line-height: 1.6; text-align: left;\" title=\"Ch\u00e2teau Haut-Brion 1970\" href=\"https:\/\/www.comptoirdesmillesimes.com\/chateau-haut-brion\/haut-brion-1970.html\" target=\"_blank\" rel=\"noopener\">Ch\u00e2teau Haut-Brion 1970<\/a><\/li>\n<li><a style=\"line-height: 1.6; text-align: left;\" title=\" Ch\u00e2teau Haut-Brion white 1976\" href=\"https:\/\/www.comptoirdesmillesimes.com\/chateau-haut-brion\/haut-brion-blanc-1976.html\" target=\"_blank\" rel=\"noopener\">Ch\u00e2teau Haut-Brion white 1976<\/a><\/li>\n<li><a style=\"line-height: 1.6; text-align: left;\" title=\"Ch\u00e2teau Haut-Brion white 1990\" href=\"https:\/\/www.comptoirdesmillesimes.com\/chateau-haut-brion\/haut-brion-blanc-1990.html\" target=\"_blank\" rel=\"noopener\">Ch\u00e2teau Haut-Brion white 1990<\/a><\/li>\n<li><a style=\"line-height: 1.6; text-align: left;\" title=\"Ch\u00e2teau Ausone 1975 cave de l&#039;\u00e9lys\u00e9e\" href=\"https:\/\/www.comptoirdesmillesimes.com\/chateau-ausone\/chateau-ausone-1975.html\" target=\"_blank\" rel=\"noopener\">Ch\u00e2teau Ausone 1975<\/a><\/li>\n<li><a style=\"line-height: 1.6; text-align: left;\" title=\"Ch\u00e2teau Haut-Brion 1989 \u00e9lys\u00e9e\" href=\"https:\/\/www.comptoirdesmillesimes.com\/chateau-haut-brion\/chateau-haut-brion-1989-elysee.html\" target=\"_blank\" rel=\"noopener\">Ch\u00e2teau Haut-Brion 1989<\/a><\/li>\n<li><a style=\"line-height: 1.6; text-align: left;\" title=\"Ch\u00e2teau Lafite-Rothschild 1986 \u00e9lys\u00e9e\" href=\"https:\/\/www.comptoirdesmillesimes.com\/chateau-lafite-rothschild\/chateau-lafite-rothschild-1986.html\" target=\"_blank\" rel=\"noopener\">Ch\u00e2teau Lafite-Rothschild 1986<\/a><\/li>\n<li><a style=\"line-height: 1.6; text-align: left;\" title=\"Cap de Mourlin 1945 cave de l&#039;Elys\u00e9e\" href=\"https:\/\/www.comptoirdesmillesimes.com\/chateau-cap-de-mourlin\/chateau-cap-de-mourlin-1945.html\" target=\"_blank\" rel=\"noopener\">Cap de Mourlin 1945<\/a><\/li>\n<li><a style=\"line-height: 1.6; text-align: left;\" title=\"Gewurztraminer 1983 Late Harvest cave de l&#039;Elys\u00e9e\" href=\"https:\/\/www.comptoirdesmillesimes.com\/domaine-trimbach\/gdewurztraminer-1983-vendanges-tardives.html\" target=\"_blank\" rel=\"noopener\"><span style=\"font-family: verdana, geneva;\">Gewurztraminer 1983 Late Harvest<\/span><\/a><\/li>\n<\/ul>","protected":false},"excerpt":{"rendered":"<p>On May 30 and 31, 2013, part of the Elys\u00e9e wine cellar was auctioned off, 1,200 bottles straight from the presidential cellar, a first in the history of the French presidency. The cellar, created in 1947 under Vincent Auriol, attracted numerous enthusiasts and curious onlookers to the Salle des...<\/p>","protected":false},"author":1,"featured_media":0,"comment_status":"open","ping_status":"open","sticky":false,"template":"","format":"standard","meta":{"_jetpack_memberships_contains_paid_content":false,"footnotes":""},"categories":[13,17,3,5],"tags":[],"class_list":["post-78","post","type-post","status-publish","format-standard","hentry","category-le-saviez-vous","category-grands-vins-de-bordeaux","category-vieux-millesimes","category-vins-de-lelysee"],"gutentor_comment":2,"jetpack_featured_media_url":"","jetpack_sharing_enabled":true,"_links":{"self":[{"href":"https:\/\/www.comptoirdesmillesimes.com\/blog\/en\/wp-json\/wp\/v2\/posts\/78","targetHints":{"allow":["GET"]}}],"collection":[{"href":"https:\/\/www.comptoirdesmillesimes.com\/blog\/en\/wp-json\/wp\/v2\/posts"}],"about":[{"href":"https:\/\/www.comptoirdesmillesimes.com\/blog\/en\/wp-json\/wp\/v2\/types\/post"}],"author":[{"embeddable":true,"href":"https:\/\/www.comptoirdesmillesimes.com\/blog\/en\/wp-json\/wp\/v2\/users\/1"}],"replies":[{"embeddable":true,"href":"https:\/\/www.comptoirdesmillesimes.com\/blog\/en\/wp-json\/wp\/v2\/comments?post=78"}],"version-history":[{"count":30,"href":"https:\/\/www.comptoirdesmillesimes.com\/blog\/en\/wp-json\/wp\/v2\/posts\/78\/revisions"}],"predecessor-version":[{"id":3664,"href":"https:\/\/www.comptoirdesmillesimes.com\/blog\/en\/wp-json\/wp\/v2\/posts\/78\/revisions\/3664"}],"wp:attachment":[{"href":"https:\/\/www.comptoirdesmillesimes.com\/blog\/en\/wp-json\/wp\/v2\/media?parent=78"}],"wp:term":[{"taxonomy":"category","embeddable":true,"href":"https:\/\/www.comptoirdesmillesimes.com\/blog\/en\/wp-json\/wp\/v2\/categories?post=78"},{"taxonomy":"post_tag","embeddable":true,"href":"https:\/\/www.comptoirdesmillesimes.com\/blog\/en\/wp-json\/wp\/v2\/tags?post=78"}],"curies":[{"name":"wp","href":"https:\/\/api.w.org\/{rel}","templated":true}]}}