{"id":9168,"date":"2026-08-31T12:59:58","date_gmt":"2026-08-31T11:59:58","guid":{"rendered":"https:\/\/www.comptoirdesmillesimes.com\/blog\/?p=9168"},"modified":"2026-08-31T12:59:58","modified_gmt":"2026-08-31T11:59:58","slug":"foire-aux-vins-2026","status":"publish","type":"post","link":"https:\/\/www.comptoirdesmillesimes.com\/blog\/it\/foire-aux-vins-2026\/","title":{"rendered":"Foire aux Vins 2026 : Le Catalogue en Avant Premi\u00e8re"},"content":{"rendered":"<div class=\"m_783592107414229057mj-column-per-100 m_783592107414229057component-wrapper\">\n<table role=\"presentation\" border=\"0\" width=\"100%\" cellspacing=\"0\" cellpadding=\"0\">\n<tbody>\n<tr>\n<td>\n<table style=\"width: 100%; height: 96px;\" role=\"presentation\" border=\"0\" width=\"100%\" cellspacing=\"0\" cellpadding=\"0\">\n<tbody>\n<tr style=\"height: 96px;\">\n<td class=\"m_783592107414229057kl-text\" style=\"height: 96px;\" align=\"left\">\n<div>\n<div style=\"text-align: center;\">Nous diffusons notre catalogue\u00a0 de Foire aux Vins \u00e0 nos chers clients en priorit\u00e9. Ainsi, vous serez les premiers \u00e0 voir quelques p\u00e9pites de cette\u00a0<strong><u>Foire Aux Vins.<\/u><\/strong><\/p>\n<p>Retrouvez dans ce catalogue un avant-go\u00fbt de notre Foire aux Vins 2026.\u00a0L&rsquo;ensemble de La Foire sera publi\u00e9e ce\u00a0<strong>mercredi 2 Septembre \u00e0 9h00<\/strong>\u00a0(avec + de 150 cuv\u00e9es).<\/p>\n<p><strong><a href=\"https:\/\/ctrk.klclick.com\/l\/01M16485S603HXDWNNNZMG2HYT_1\" rel=\"external nofollow noopener\" target=\"_blank\">&gt; Je t\u00e9l\u00e9charge le catalogue de Foire aux Vins 2026<\/a><\/strong><\/div>\n<\/div>\n<\/td>\n<\/tr>\n<\/tbody>\n<\/table>\n<\/td>\n<\/tr>\n<\/tbody>\n<\/table>\n<\/div>\n<div class=\"m_783592107414229057mj-column-per-100 m_783592107414229057component-wrapper\">\n<table role=\"presentation\" border=\"0\" width=\"100%\" cellspacing=\"0\" cellpadding=\"0\">\n<tbody>\n<tr>\n<td>\n<table role=\"presentation\" border=\"0\" width=\"100%\" cellspacing=\"0\" cellpadding=\"0\">\n<tbody>\n<tr>\n<td class=\"m_783592107414229057kl-text\" align=\"left\">\n<div>\n<p>Les meilleurs prix du web sur de v\u00e9ritables p\u00e9pites du vignoble fran\u00e7ais (grands bordeaux,<\/p>\n<p>bourgognes, champagnes, vieux mill\u00e9simes, vins rares et allocations).<\/p>\n<p>Actualisation en direct : les tarifs d\u00e9finitifs et remis\u00e9s seront mis \u00e0 jour en ligne \u00e0 9 h 00 pile.<\/p>\n<p><strong><em>Quantit\u00e9s limit\u00e9es : les premiers arriv\u00e9s seront les premiers servis !<\/em><\/strong><\/p>\n<p>\u200b<\/p>\n<p><u>Pr\u00e9parez votre s\u00e9lection d\u00e8s maintenant pour ne pas passer \u00e0 c\u00f4t\u00e9 de vos cuv\u00e9es favorites \u00e0 l&rsquo;ouverture !<\/p>\n<p>Premier arriv\u00e9 premier servi !<\/p>\n<p><img loading=\"lazy\" decoding=\"async\" class=\"aligncenter size-full wp-image-9170\" src=\"https:\/\/www.comptoirdesmillesimes.com\/blog\/wp-content\/uploads\/2026\/08\/unnamed-46.jpg\" alt=\"\" width=\"750\" height=\"526\" srcset=\"https:\/\/www.comptoirdesmillesimes.com\/blog\/wp-content\/uploads\/2026\/08\/unnamed-46.jpg 750w, https:\/\/www.comptoirdesmillesimes.com\/blog\/wp-content\/uploads\/2026\/08\/unnamed-46-570x400.jpg 570w, https:\/\/www.comptoirdesmillesimes.com\/blog\/wp-content\/uploads\/2026\/08\/unnamed-46-684x480.jpg 684w, https:\/\/www.comptoirdesmillesimes.com\/blog\/wp-content\/uploads\/2026\/08\/unnamed-46-18x12.jpg 18w\" sizes=\"auto, (max-width: 750px) 100vw, 750px\" \/><br \/>\n<\/u><\/p>\n<\/div>\n<\/td>\n<\/tr>\n<\/tbody>\n<\/table>\n<\/td>\n<\/tr>\n<\/tbody>\n<\/table>\n<\/div>","protected":false},"excerpt":{"rendered":"<p>Nous diffusons notre catalogue\u00a0 de Foire aux Vins \u00e0 nos chers clients en priorit\u00e9. Ainsi, vous serez les premiers \u00e0 voir quelques p\u00e9pites de cette\u00a0Foire Aux Vins. Retrouvez dans ce catalogue un avant-go\u00fbt de notre Foire aux Vins 2026.\u00a0L&rsquo;ensemble de La Foire sera publi\u00e9e ce\u00a0mercredi 2 Septembre \u00e0 9h00\u00a0(avec + de 150 cuv\u00e9es). &gt; Je&hellip;<\/p>","protected":false},"author":14,"featured_media":9169,"comment_status":"closed","ping_status":"open","sticky":false,"template":"","format":"standard","meta":{"_jetpack_memberships_contains_paid_content":false,"footnotes":""},"categories":[11,58],"tags":[],"class_list":["post-9168","post","type-post","status-publish","format-standard","has-post-thumbnail","hentry","category-marche-du-vin","category-investir-dans-le-vin"],"gutentor_comment":0,"jetpack_featured_media_url":"https:\/\/www.comptoirdesmillesimes.com\/blog\/wp-content\/uploads\/2026\/08\/unnamed-45.jpg","jetpack_sharing_enabled":true,"_links":{"self":[{"href":"https:\/\/www.comptoirdesmillesimes.com\/blog\/it\/wp-json\/wp\/v2\/posts\/9168","targetHints":{"allow":["GET"]}}],"collection":[{"href":"https:\/\/www.comptoirdesmillesimes.com\/blog\/it\/wp-json\/wp\/v2\/posts"}],"about":[{"href":"https:\/\/www.comptoirdesmillesimes.com\/blog\/it\/wp-json\/wp\/v2\/types\/post"}],"author":[{"embeddable":true,"href":"https:\/\/www.comptoirdesmillesimes.com\/blog\/it\/wp-json\/wp\/v2\/users\/14"}],"replies":[{"embeddable":true,"href":"https:\/\/www.comptoirdesmillesimes.com\/blog\/it\/wp-json\/wp\/v2\/comments?post=9168"}],"version-history":[{"count":2,"href":"https:\/\/www.comptoirdesmillesimes.com\/blog\/it\/wp-json\/wp\/v2\/posts\/9168\/revisions"}],"predecessor-version":[{"id":9172,"href":"https:\/\/www.comptoirdesmillesimes.com\/blog\/it\/wp-json\/wp\/v2\/posts\/9168\/revisions\/9172"}],"wp:featuredmedia":[{"embeddable":true,"href":"https:\/\/www.comptoirdesmillesimes.com\/blog\/it\/wp-json\/wp\/v2\/media\/9169"}],"wp:attachment":[{"href":"https:\/\/www.comptoirdesmillesimes.com\/blog\/it\/wp-json\/wp\/v2\/media?parent=9168"}],"wp:term":[{"taxonomy":"category","embeddable":true,"href":"https:\/\/www.comptoirdesmillesimes.com\/blog\/it\/wp-json\/wp\/v2\/categories?post=9168"},{"taxonomy":"post_tag","embeddable":true,"href":"https:\/\/www.comptoirdesmillesimes.com\/blog\/it\/wp-json\/wp\/v2\/tags?post=9168"}],"curies":[{"name":"wp","href":"https:\/\/api.w.org\/{rel}","templated":true}]}}