{"id":1109,"date":"2016-10-21T07:54:58","date_gmt":"2016-10-21T06:54:58","guid":{"rendered":"https:\/\/www.comptoirdesmillesimes.com\/blog\/?p=1109"},"modified":"2019-07-05T19:16:15","modified_gmt":"2019-07-05T18:16:15","slug":"bruno-clair-grands-vins","status":"publish","type":"post","link":"https:\/\/www.comptoirdesmillesimes.com\/blog\/bruno-clair-grands-vins\/","title":{"rendered":"\u00c0 la rencontre du domaine Bruno Clair, grands vins de Bourgogne"},"content":{"rendered":"<h1 style=\"text-align: center;\">Le domaine Bruno Clair<\/h1>\n<p style=\"text-align: justify;\"><em>Bruno Clair <\/em>est le petit-fils\u00a0de <em>Joseph Clair, <\/em>originaire de Santenay, et de Marguerite Da\u00fc, de Marsannay, que son grand-p\u00e8re rencontra durant son s\u00e9jour en caserne \u00e0 Dijon pendant la Premi\u00e8re Guerre mondiale. Bruno s&rsquo;installa sur fond de discordes familiales et commen\u00e7a donc par se cr\u00e9er son propre vignoble, replantant \u00e0 Marsannay et d\u00e9frichant au-dessus du coteau de <strong><a href=\"https:\/\/www.comptoirdesmillesimes.com\/morey-saint-denis\">Morey-Saint-Denis<\/a><\/strong>. Une partie des vignes familiales fut vendue par un membre de la famille \u00e0\u00a0<strong><a href=\"https:\/\/www.comptoirdesmillesimes.com\/louis-jadot\">Louis Jadot<\/a><\/strong>, et le reste \u00e9chut, au milieu des ann\u00e9es 1980, \u00e0 Bruno, qui embaucha rapidement un ancien coll\u00e8gue, Philippe Brun, pour lui pr\u00eater main-forte en cave. Tous les deux ont d\u00e9velopp\u00e9 un parcellaire de \u00a0ha et autant de vins diff\u00e9rents, ayant r\u00e9cup\u00e9r\u00e9 en 2006 de nouvelles vignes \u00e0 l&rsquo;\u00e9ch\u00e9ance de certains contrats sign\u00e9s avec la maison Louis Jadot (vosne-roman\u00e9e, gevrey-chambertin Clos Saint Jacques et chambertin-clos-de-b\u00e8ze) et le domaine Fougeray de Beauclair (bonnes-mares).<\/p>\n<p style=\"text-align: justify;\">En 1993, le domaine a \u00e9tendu son nombre de vigne sur les appellations :\u00a0<strong><a href=\"https:\/\/www.comptoirdesmillesimes.com\/corton-charlemagne\">Corton-Charlemagne<\/a><\/strong>, Pernand-Vergelesses,\u00a0<strong><a href=\"https:\/\/www.comptoirdesmillesimes.com\/aloxe-corton\">Aloxe-Corton<\/a><\/strong>\u00a0et en 1996,\u00a0<strong><a href=\"https:\/\/www.comptoirdesmillesimes.com\/gevrey-chambertin\">Gevrey-Chambertin<\/a><\/strong>\u00a0Petite Chapelle.<\/p>\n<p style=\"text-align: justify;\"><a title=\"\" href=\"https:\/\/www.comptoirdesmillesimes.com\/bruno-clair\" target=\"\" rel=\"noopener noreferrer\"><img loading=\"lazy\" decoding=\"async\" class=\"aligncenter size-full wp-image-1114\" title=\"Bruno clair grands vins de bourgogne\" src=\"https:\/\/www.comptoirdesmillesimes.com\/blog\/wp-content\/uploads\/2016\/10\/bruno-clair-bougogne.jpg\" alt=\"Bruno clair grands vins de bourgogne\" width=\"800\" height=\"533\" srcset=\"https:\/\/www.comptoirdesmillesimes.com\/blog\/wp-content\/uploads\/2016\/10\/bruno-clair-bougogne.jpg 800w, https:\/\/www.comptoirdesmillesimes.com\/blog\/wp-content\/uploads\/2016\/10\/bruno-clair-bougogne-300x200.jpg 300w, https:\/\/www.comptoirdesmillesimes.com\/blog\/wp-content\/uploads\/2016\/10\/bruno-clair-bougogne-768x512.jpg 768w\" sizes=\"auto, (max-width: 800px) 100vw, 800px\" \/><\/a><\/p>\n<h2 style=\"text-align: justify;\">La vinification<\/h2>\n<p style=\"text-align: justify;\">En mati\u00e8re de vinification, le domaine proc\u00e8de \u00e0 un tri rigoureux \u00e0 la vigne, puis \u00e9grappe les raisins (sauf exception, comme en 2005). Philippe Brun est partisan du pigeage, mais il module ses convictions en fonctions du mill\u00e9sime : un seul pigeage quotidien lui aura suffit en 2007, contre ses cinq ou six habituels. Le domaine ne l\u00e9sine pas sur le f\u00fbt neuf, mais \u00e9l\u00e8ve une bonne proportion de ses villages en foudres pendant un certain temps afin d&rsquo;\u00e9viter de trop boiser le vin. Au final, les vins sont puissants, mais non surextraits.<\/p>\n<h2 style=\"text-align: justify;\"><\/h2>\n<h2 style=\"text-align: center;\">Les vins du domaine<\/h2>\n<p>&nbsp;<\/p>\n<p><a title=\"\" href=\"https:\/\/www.comptoirdesmillesimes.com\/bruno-clair\" target=\"\" rel=\"noopener noreferrer\"><img loading=\"lazy\" decoding=\"async\" class=\"aligncenter size-full wp-image-1115\" title=\"bouteille du domaine bruno clair\" src=\"https:\/\/www.comptoirdesmillesimes.com\/blog\/wp-content\/uploads\/2016\/10\/bruno-clair-grand-vin-bourgogne.jpg\" alt=\"bouteille du domaine bruno clair\" width=\"799\" height=\"579\" srcset=\"https:\/\/www.comptoirdesmillesimes.com\/blog\/wp-content\/uploads\/2016\/10\/bruno-clair-grand-vin-bourgogne.jpg 799w, https:\/\/www.comptoirdesmillesimes.com\/blog\/wp-content\/uploads\/2016\/10\/bruno-clair-grand-vin-bourgogne-300x217.jpg 300w, https:\/\/www.comptoirdesmillesimes.com\/blog\/wp-content\/uploads\/2016\/10\/bruno-clair-grand-vin-bourgogne-768x557.jpg 768w\" sizes=\"auto, (max-width: 799px) 100vw, 799px\" \/><\/a><\/p>\n<p>&nbsp;<\/p>\n<h3 style=\"text-align: justify;\">Aloxe Corton<\/h3>\n<p style=\"text-align: justify;\"><span style=\"font-size: 14px;\"><span style=\"font-family: arial,helvetica,sans-serif;\">La cuv\u00e9e Aloxe Corton de chez Bruno Clair\u00a0provient de deux diff\u00e9rentes parcelles. On y retrouve la parcelle \u00a0\u00bb\u00a0les Crapoussuets \u00a0\u00bb , et \u00a0\u00a0\u00bb les Valozi\u00e8res \u00ab\u00a0, localis\u00e9es \u00e0\u00a0mi-pente du coteau de Corton.\u00a0C&rsquo;est un vin \u00e0 l&rsquo;image m\u00eame\u00a0de son appellation. Il d\u00e9tient tout le temps un grand caract\u00e8re tannique et tr\u00e8s robuste durant ses jeunes ann\u00e9es.\u00a0C&rsquo;est un vin de bonne garde.<\/span><\/span><\/p>\n<h3 style=\"text-align: justify;\">Morey-St-Denis Blanc \u00a0\u00bb En la rue de Vergy \u00ab\u00a0<\/h3>\n<p style=\"text-align: justify;\">Voici une vigne bien atypique, puisqu&rsquo;elle est plant\u00e9e\u00a0directement\u00a0sur la roche m\u00e8re calcaire. \u00a0On ne retrouve pas de terre. C&rsquo;est un des rares vins blancs dans la C\u00f4te de Nuits Ce Morey-Saint-Denis est parfum\u00e9, avec un\u00a0caract\u00e8re min\u00e9ral bien ancr\u00e9. Ce vin supporte tr\u00e8s bien la garde, et se boit \u00e9galement jeune, sans mauvaise surprise !<\/p>\n<h3 style=\"text-align: justify;\">Gevrey-Chambertin<\/h3>\n<p style=\"text-align: justify;\">La cuv\u00e9e de Bruno Clair \u00a0\u00bb Gevrey-Chambertin \u00ab\u00a0, na\u00eet\u00a0de deux parcelles : d&rsquo;un c\u00f4t\u00e9, \u00a0\u00bb\u00a0Les Carrougots \u00ab\u00a0, et de l&rsquo;autre, la cuv\u00e9e \u00a0\u00bb\u00a0En Jouise \u00ab\u00a0. Les vignes sont plant\u00e9es ici, sur un sol d&rsquo;une grande richesse. La personnalit\u00e9 de ce vin durant sa jeunesse est plut\u00f4t aust\u00e8re et tannique. Ce Gevrey a besoin de plusieurs ann\u00e9es de garde afin qu&rsquo;il s&rsquo;affine.\u00a0D&rsquo;autant plus que ses capacit\u00e9s de conservation sont tr\u00e8s grandes !<\/p>\n<h3 style=\"text-align: justify;\">Gevrey-Chambertin 1er Cru Clos du Fonteny \u00a0\u00bb Monopole \u00ab\u00a0<\/h3>\n<p style=\"text-align: justify;\">La plantation de cette vigne s&rsquo;est faite en deux-temps : une moiti\u00e9 en 1972, et l&rsquo;autre 1987. Ce vin d\u00e9tient de la\u00a0finesse et une grande \u00e9l\u00e9gance. Vous remarquerez \u00e9galement la puissance de ce Gevrey-Chambertin. Sa capacit\u00e9 de garde va de 5 \u00e0 15 ans.<\/p>\n<h3 style=\"text-align: justify;\">Gevrey-Chambertin 1er cru \u00a0\u00bb Clos Saint Jacques \u00ab\u00a0<\/h3>\n<p style=\"text-align: justify;\">Les vignes ont \u00e9t\u00e9 plant\u00e9es en 1957 et 1972. La cuv\u00e9e, jusqu&rsquo;en 1999, se vendait sous l&rsquo;\u00e9tiquette du c\u00f4t\u00e9 maternel, \u00a0\u00bb domaine G. Bartet \u00ab\u00a0. Le vin en impose d&#8217;embl\u00e9e par la richesse somptueuse de ses ar\u00f4mes de fruits rouges et noirs, mais il est \u00e9galement capable de vieillir longtemps.<\/p>\n<h3 style=\"text-align: justify;\">Chambolle Musigny \u00a0\u00bb Les V\u00e9roilles \u00ab\u00a0<\/h3>\n<p style=\"text-align: justify;\">La vigne a \u00e9t\u00e9 plant\u00e9e\u00a0en 1989 et donne depuis des\u00a0Chambolle\u00a0fins et soyeux.\u00a0Plus les ann\u00e9es passent, plus les racines entrent en profondeur, pour donner des vins qui ont une grande ampleur et une grande profondeur. Ce sont des vins tr\u00e8s\u00a0parfum\u00e9s et textur\u00e9s. Ces Chambolle-Musigny peuvent se\u00a0boire jeune, mais ils peuvent \u00e9galement patienter parfaitement durant plusieurs ann\u00e9es.<\/p>\n<h3 style=\"text-align: justify;\">Vosne-Roman\u00e9e \u00a0\u00bb Les Champs Perdrix \u00ab\u00a0<\/h3>\n<p style=\"text-align: justify;\">Ce terroir est, sans aucun doute, tr\u00e8s difficile \u00e0 travailler. Le temps d&rsquo;implantation des vignes a \u00e9t\u00e9 tr\u00e8s long, environ 30 ans. Le sol a subi une grande pauvret\u00e9 et jusqu&rsquo;au mill\u00e9sime 1993, ces Vosne-Roman\u00e9e manquaient de rondeur, mais aussi de finesse. Mais depuis, une nouvelle qualit\u00e9 s&rsquo;est d\u00e9velopp\u00e9e dans ces vins, qui sont devenu\u00a0plus fins et plus harmonieux. Pour la garde, ce vin est id\u00e9al apr\u00e8s 10 ans de vieillissement, mais il sera d\u00e9j\u00e0 tr\u00e8s surprenant au bout de 3 \/ 4 ans.<\/p>\n<h3 style=\"text-align: justify;\">Corton Charlemagne Grand Cru<\/h3>\n<p style=\"text-align: justify;\">L&rsquo;acidit\u00e9 stup\u00e9fiante en harmonie avec la grande maturit\u00e9 de ce vin lui donne son c\u00f4t\u00e9 unique. C&rsquo;est un grand vin qui propose le partage de la min\u00e9ralit\u00e9 et de la puissance. C&rsquo;est un vin de garde qui demandera au minimum 5 \u00e0 7 ans pour d\u00e9velopper tous les ar\u00f4mes dignes d&rsquo;un grand cru.<\/p>\n<h3 style=\"text-align: justify;\">Grand Cru Chambertin \u00a0\u00bb Clos de B\u00e8ze \u00ab\u00a0<\/h3>\n<p style=\"text-align: justify;\">Les parcelles sont au milieu du grand cru, leurs rangs courant de haut en bas du Clos. Les deux tiers des vignes remontent \u00e0 1912, le reste ayant \u00e9t\u00e9 plant\u00e9 en 1972. Le vin est exceptionnel, \u00e0 l&rsquo;aune de son prestigieux terroir, et m\u00e9rite un vieillissement en cave digne de ce nom.<\/p>\n<h3 style=\"text-align: justify;\">Bonnes Mares Grand Cru<\/h3>\n<p style=\"text-align: justify;\">Une moiti\u00e9 de la vigne fut plant\u00e9e en 1946, et l&rsquo;autre en 1980. C&rsquo;est un vin incroyable, m\u00eame dans sa jeunesse, ce vin ne pr\u00e9sente pas de caract\u00e8re aust\u00e8re. Rare pour un grand cru. L&rsquo;ensemble des mill\u00e9simes de ce Bonnes Mares de Bruno Clair pr\u00e9sentent des vins dot\u00e9s d&rsquo;une grande finesse, associ\u00e9e \u00e0 des tannins d&rsquo;une grande profondeur, amples et tr\u00e8s g\u00e9n\u00e9reux.<\/p>\n<h2 style=\"text-align: center;\"><a href=\"https:\/\/www.comptoirdesmillesimes.com\/bruno-clair\"><strong>\u25ba\u00a0<\/strong>RETROUVEZ TOUS NOS GRANDS VINS DU DOMAINE BRUNO CLAIR AU MEILLEUR PRIX\u00a0<strong>\u25c4<\/strong><\/a><\/h2>\n<p style=\"text-align: center;\"><div class=\"feedzy-c2e828681dd690fabf36cdc2945a8e6c feedzy-rss\"><div class=\"rss_header\"><h2><a href=\"https:\/\/www.comptoirdesmillesimes.com\/\" class=\"rss_title\" rel=\"noopener\">Comptoir des Millesimes<\/a> <span class=\"rss_description\"> Plus de 2000 Bouteilles et 80 Mill\u00e9simes - 100% en stock - Exp\u00e9dition sous 24h - Frais de livraison fixes de 7 \u20ac  - Service Cadeau<\/span><\/h2><\/div><ul>Le flux ne contient aucun \u00e9l\u00e9ment.<\/ul> <\/div><\/p>\n","protected":false},"excerpt":{"rendered":"<p>Le domaine Bruno Clair Bruno Clair est le petit-fils\u00a0de Joseph Clair, originaire de Santenay, et de Marguerite Da\u00fc, de Marsannay, que son grand-p\u00e8re rencontra durant son s\u00e9jour en caserne \u00e0 Dijon pendant la Premi\u00e8re Guerre mondiale. Bruno s&rsquo;installa sur fond de discordes familiales et commen\u00e7a donc par se cr\u00e9er son propre vignoble, replantant \u00e0 Marsannay&hellip;<\/p>\n","protected":false},"author":14,"featured_media":1113,"comment_status":"open","ping_status":"open","sticky":false,"template":"","format":"standard","meta":{"_jetpack_memberships_contains_paid_content":false,"footnotes":""},"categories":[23],"tags":[],"class_list":["post-1109","post","type-post","status-publish","format-standard","has-post-thumbnail","hentry","category-bourgogne"],"gutentor_comment":0,"jetpack_featured_media_url":"https:\/\/www.comptoirdesmillesimes.com\/blog\/wp-content\/uploads\/2016\/10\/domaine-bruno-clair.png","jetpack_sharing_enabled":true,"_links":{"self":[{"href":"https:\/\/www.comptoirdesmillesimes.com\/blog\/wp-json\/wp\/v2\/posts\/1109","targetHints":{"allow":["GET"]}}],"collection":[{"href":"https:\/\/www.comptoirdesmillesimes.com\/blog\/wp-json\/wp\/v2\/posts"}],"about":[{"href":"https:\/\/www.comptoirdesmillesimes.com\/blog\/wp-json\/wp\/v2\/types\/post"}],"author":[{"embeddable":true,"href":"https:\/\/www.comptoirdesmillesimes.com\/blog\/wp-json\/wp\/v2\/users\/14"}],"replies":[{"embeddable":true,"href":"https:\/\/www.comptoirdesmillesimes.com\/blog\/wp-json\/wp\/v2\/comments?post=1109"}],"version-history":[{"count":19,"href":"https:\/\/www.comptoirdesmillesimes.com\/blog\/wp-json\/wp\/v2\/posts\/1109\/revisions"}],"predecessor-version":[{"id":4411,"href":"https:\/\/www.comptoirdesmillesimes.com\/blog\/wp-json\/wp\/v2\/posts\/1109\/revisions\/4411"}],"wp:featuredmedia":[{"embeddable":true,"href":"https:\/\/www.comptoirdesmillesimes.com\/blog\/wp-json\/wp\/v2\/media\/1113"}],"wp:attachment":[{"href":"https:\/\/www.comptoirdesmillesimes.com\/blog\/wp-json\/wp\/v2\/media?parent=1109"}],"wp:term":[{"taxonomy":"category","embeddable":true,"href":"https:\/\/www.comptoirdesmillesimes.com\/blog\/wp-json\/wp\/v2\/categories?post=1109"},{"taxonomy":"post_tag","embeddable":true,"href":"https:\/\/www.comptoirdesmillesimes.com\/blog\/wp-json\/wp\/v2\/tags?post=1109"}],"curies":[{"name":"wp","href":"https:\/\/api.w.org\/{rel}","templated":true}]}}