{"id":2207,"date":"2017-09-05T10:13:33","date_gmt":"2017-09-05T09:13:33","guid":{"rendered":"https:\/\/www.comptoirdesmillesimes.com\/blog\/?p=2207"},"modified":"2019-07-10T13:59:40","modified_gmt":"2019-07-10T12:59:40","slug":"foire-aux-vins-2017","status":"publish","type":"post","link":"https:\/\/www.comptoirdesmillesimes.com\/blog\/foire-aux-vins-2017\/","title":{"rendered":"FOIRE AUX VINS 2017 : UNE FOIRE AUX VINS D&rsquo;EXCEPTION"},"content":{"rendered":"<p style=\"text-align: justify;\">Comptoir des Mill\u00e9simes lance sa <a href=\"https:\/\/www.comptoirdesmillesimes.com\/les-prix-legers\"><strong>Foire Aux Vins 2017<\/strong><\/a>\u00a0mardi 12 septembre \u00e0 10h !<\/p>\n<p style=\"text-align: justify;\">Comme chaque ann\u00e9e, nous avons repens\u00e9 notre <strong>Foires Aux Vins <\/strong>afin que celle-ci soit la\u00a0plus exceptionnelle possible.<\/p>\n<p style=\"text-align: justify;\">Ce mill\u00e9sime 2017 s&rsquo;articulera autour de 4 souhaits :<\/p>\n<p style=\"text-align: justify;\">\n<ul>\n<li style=\"text-align: justify;\">Vous faire b\u00e9n\u00e9ficier de <strong>tr\u00e8s bonnes affaires<\/strong> avec une offre sur plus de 100 grands vins, de toutes r\u00e9gions, \u00a0\u00e0 des prix jamais vus<\/li>\n<li style=\"text-align: justify;\">Vous impressionner avec une s\u00e9lection de plus de <strong>200 Bordeaux \u00e0 Maturit\u00e9<\/strong> (depuis 1976)<\/li>\n<li style=\"text-align: justify;\">Vous faire r\u00eaver avec un choix de plus de <strong>50 vins rares et cuv\u00e9es confidentielles<\/strong><\/li>\n<li style=\"text-align: justify;\">Vous faire d\u00e9couvrir et red\u00e9couvrir nos <strong>40 domaines partenaires<\/strong>, des \u00ab\u00a0Vignerons Orf\u00e8vres\u00a0\u00bb<\/li>\n<\/ul>\n<p style=\"text-align: justify;\">\n<p style=\"text-align: justify;\">D\u00e8s ce <strong>vendredi 8 septembre<\/strong>, nous diffuserons le <strong>catalogue pdf de la Foire aux Vins 2017<\/strong> par email et sur les r\u00e9seaux sociaux.<\/p>\n<p style=\"text-align: justify;\">\n<p style=\"text-align: justify;\">Ainsi, pour bien pr\u00e9parer votre Foire aux Vins et \u00eatre certain de ne pas rater le lancement;\u00a0une seule solution : vous inscrire \u00e0 notre <a href=\"https:\/\/www.comptoirdesmillesimes.com\/mon-compte\"><strong>Newsletter<\/strong><\/a> et nous suivre sur les <strong><a href=\"https:\/\/www.facebook.com\/ComptoirDesMillesimes\/\" target=\"_blank\" rel=\"noopener\">r\u00e9seaux sociaux<\/a> \ud83d\ude42<\/strong><\/p>\n<p style=\"text-align: center;\"><u><strong>Ci-dessous quelques retrouvez quelques une des tr\u00e8s belles affaires qui vous attendes d\u00e8s mardi prochain \u00e0 10h :<\/strong><\/u><\/p>\n<ul>\n<li><a href=\"https:\/\/www.comptoirdesmillesimes.com\/chateau-belgrave\/chateau-belgrave-1989-en-magnum.html\">Ch\u00e2teau Belgrave 1989 GCC Haut Medoc en Magnum<\/a> \u00e0 104\u20ac au lieu de 124\u20ac<\/li>\n<li style=\"text-align: justify;\"><a href=\"https:\/\/www.comptoirdesmillesimes.com\/cote-rotie\/cote-rotie-la-chana-2014-duclaux.html\">C\u00f4te-R\u00f4tie 2014 \u00ab\u00a0Chana\u00a0\u00bb Domaine Duclaux<\/a> \u00e0 35.10\u20ac au lieu de 39\u20ac\u200b<\/li>\n<li><a href=\"https:\/\/www.comptoirdesmillesimes.com\/chassagne-montrachet\/chassagne-montrachet-1er-cru-2003-morgeot-louis-latour.html\">Chassagne-Montrachet 1er cru \u00ab\u00a0Morgeot\u00a0\u00bb 2003 Louis Latour<\/a>\u00a0\u00e0 34\u20ac au lieu de 44\u20ac<\/li>\n<li><a href=\"https:\/\/www.comptoirdesmillesimes.com\/nuits-st-georges\/nuits-st-georges-1er-cru-2011-aux-damodes-laurent-pere-et-fils.html\">Nuits st Georges 1er cru \u00ab\u00a0Aux Damodes\u00a0\u00bb 2011 Laurent Pere &amp; Fils<\/a> \u00e0 48\u20ac u lieu de 68\u20ac<\/li>\n<li><a href=\"https:\/\/www.comptoirdesmillesimes.com\/chateau-feytit-clinet\/chateau-feytit-clinet-2012.html\">Ch\u00e2teau Feytit Clinet 2012 Pomerol<\/a> \u00e0 50\u20ac au lieu de 60\u20ac<\/li>\n<li><a href=\"https:\/\/www.comptoirdesmillesimes.com\/chateau-suduiraut\/chateau-suduiraut-1999.html\">Ch\u00e2teau Suiduiraut 1999 Sauternes<\/a> \u00e0 34\u20ac au lieu de 54\u20ac<\/li>\n<\/ul>\n","protected":false},"excerpt":{"rendered":"<p>Comptoir des Mill\u00e9simes lance sa Foire Aux Vins 2017\u00a0mardi 12 septembre \u00e0 10h ! Comme chaque ann\u00e9e, nous avons repens\u00e9 notre Foires Aux Vins afin que celle-ci soit la\u00a0plus exceptionnelle possible. Ce mill\u00e9sime 2017 s&rsquo;articulera autour de 4 souhaits : Vous faire b\u00e9n\u00e9ficier de tr\u00e8s bonnes affaires avec une offre sur plus de 100 grands&hellip;<\/p>\n","protected":false},"author":14,"featured_media":2301,"comment_status":"open","ping_status":"open","sticky":false,"template":"","format":"standard","meta":{"_jetpack_memberships_contains_paid_content":false,"footnotes":""},"categories":[34,11],"tags":[],"class_list":["post-2207","post","type-post","status-publish","format-standard","has-post-thumbnail","hentry","category-foire-aux-vins","category-marche-du-vin"],"gutentor_comment":0,"jetpack_featured_media_url":"https:\/\/www.comptoirdesmillesimes.com\/blog\/wp-content\/uploads\/2017\/09\/FAV-1.jpg","jetpack_sharing_enabled":true,"_links":{"self":[{"href":"https:\/\/www.comptoirdesmillesimes.com\/blog\/wp-json\/wp\/v2\/posts\/2207","targetHints":{"allow":["GET"]}}],"collection":[{"href":"https:\/\/www.comptoirdesmillesimes.com\/blog\/wp-json\/wp\/v2\/posts"}],"about":[{"href":"https:\/\/www.comptoirdesmillesimes.com\/blog\/wp-json\/wp\/v2\/types\/post"}],"author":[{"embeddable":true,"href":"https:\/\/www.comptoirdesmillesimes.com\/blog\/wp-json\/wp\/v2\/users\/14"}],"replies":[{"embeddable":true,"href":"https:\/\/www.comptoirdesmillesimes.com\/blog\/wp-json\/wp\/v2\/comments?post=2207"}],"version-history":[{"count":19,"href":"https:\/\/www.comptoirdesmillesimes.com\/blog\/wp-json\/wp\/v2\/posts\/2207\/revisions"}],"predecessor-version":[{"id":4420,"href":"https:\/\/www.comptoirdesmillesimes.com\/blog\/wp-json\/wp\/v2\/posts\/2207\/revisions\/4420"}],"wp:featuredmedia":[{"embeddable":true,"href":"https:\/\/www.comptoirdesmillesimes.com\/blog\/wp-json\/wp\/v2\/media\/2301"}],"wp:attachment":[{"href":"https:\/\/www.comptoirdesmillesimes.com\/blog\/wp-json\/wp\/v2\/media?parent=2207"}],"wp:term":[{"taxonomy":"category","embeddable":true,"href":"https:\/\/www.comptoirdesmillesimes.com\/blog\/wp-json\/wp\/v2\/categories?post=2207"},{"taxonomy":"post_tag","embeddable":true,"href":"https:\/\/www.comptoirdesmillesimes.com\/blog\/wp-json\/wp\/v2\/tags?post=2207"}],"curies":[{"name":"wp","href":"https:\/\/api.w.org\/{rel}","templated":true}]}}