{"id":2885,"date":"2019-09-20T17:16:09","date_gmt":"2019-09-20T16:16:09","guid":{"rendered":"https:\/\/www.comptoirdesmillesimes.com\/blog\/?p=2885"},"modified":"2019-11-18T13:33:10","modified_gmt":"2019-11-18T12:33:10","slug":"domaine-la-peira-damaisela","status":"publish","type":"post","link":"https:\/\/www.comptoirdesmillesimes.com\/blog\/domaine-la-peira-damaisela\/","title":{"rendered":"Domaine La P\u00e8ira en Damais\u00e8la : pr\u00e9sentation des grandes cuv\u00e9es"},"content":{"rendered":"<h2 style=\"text-align: center;\"><span style=\"color: #000000;\">Domaine La P\u00e8ira en Damais\u00e8la : AOC\u00a0Terrasses du Larzac<\/span><\/h2>\n<h3 style=\"text-align: center;\"><span style=\"color: #000000;\">Pr\u00e9sentation du domaine La P\u00e8ira<\/span><\/h3>\n<p style=\"text-align: justify;\"><span style=\"color: #000000;\"><img loading=\"lazy\" decoding=\"async\" class=\"alignright wp-image-2903 size-medium\" src=\"https:\/\/www.comptoirdesmillesimes.com\/blog\/wp-content\/uploads\/2018\/01\/La-pEira-300x200.jpg\" alt=\"Achat vin La Peira en direct producteur\" width=\"300\" height=\"200\" srcset=\"https:\/\/www.comptoirdesmillesimes.com\/blog\/wp-content\/uploads\/2018\/01\/La-pEira-300x200.jpg 300w, https:\/\/www.comptoirdesmillesimes.com\/blog\/wp-content\/uploads\/2018\/01\/La-pEira-768x512.jpg 768w, https:\/\/www.comptoirdesmillesimes.com\/blog\/wp-content\/uploads\/2018\/01\/La-pEira-1024x682.jpg 1024w, https:\/\/www.comptoirdesmillesimes.com\/blog\/wp-content\/uploads\/2018\/01\/La-pEira.jpg 1600w\" sizes=\"auto, (max-width: 300px) 100vw, 300px\" \/>Le domaine <a href=\"https:\/\/www.comptoirdesmillesimes.com\/la-peira-en-damaisela\"><strong>La P\u00e8ira en Damais\u00e8la<\/strong><\/a>, situ\u00e9 dans le <a href=\"https:\/\/www.comptoirdesmillesimes.com\/languedoc-roussillon\">Languedoc-Roussillon<\/a><strong>, <\/strong>d\u00e9bute son aventure seulement \u00e0 partir de 2004. On retrouve cette superbe propri\u00e9t\u00e9 au c\u0153ur des paysages sauvages des Terrasses du Larzac.\u00a0Un domaine qui a vu le jour r\u00e9cemment, et pourtant, en une si petite p\u00e9riode, le domaine a \u00e9t\u00e9 un \u00e9l\u00e9ment phare pour l&rsquo;appellation durant les derni\u00e8res ann\u00e9es. Il a fortement contribu\u00e9 \u00e0 enti\u00e8rement changer le paysage, la nature et l\u2019horizon de l&rsquo;appellation. Leur secret ? Les vignerons du domaine on \u00ab\u00a0tout simplement\u00a0\u00bb (fa\u00e7on de parler) mis la barre tr\u00e8s haut, que \u00e7a soit en terme de qualit\u00e9 de production, une exigence sans nom, parfois point\u00e9 du doigt comme une exigence au-dessus de celle des premiers crus class\u00e9s de Bordeaux et des grands crus de Bourgogne. Une recherche de l&rsquo;excellence plus qu&rsquo;\u00e9prouvante !<\/span><\/p>\n<p style=\"text-align: justify;\"><span style=\"color: #000000;\">Propri\u00e9t\u00e9 de <em>Robert Dougan<\/em> et de <em>Karine Ashton<\/em>, le vignoble s&rsquo;\u00e9tend sur 11,4 hectares. \u00ab\u00a0<em>Les terroirs \/ lieux-dits \u00e0 noter sont le \u00ab\u00a0Bois de Pauliau\u00a0\u00bb, \u00ab\u00a0Belle Fiolle\u00a0\u00bb (Bellefeuille) et \u00ab\u00a0Les Pointes\u00a0\u00bb. Un sol tr\u00e8s argileux avec des d\u00e9p\u00f4ts caillouteux. Un sous-sol d&rsquo;alluvions qui datent de l&rsquo;\u00e2ge plioc\u00e8ne.\u00a0Les d\u00e9p\u00f4ts proviennent du nord, des montagnes calcaires de l\u2019\u00e9poque jurassique vieilles d\u2019environ 150 millions d\u2019 ann\u00e9es. Le gravier (m\u00e9lange de sable, limon et argile) est d\u00e9pos\u00e9 dans le lit des ruisseaux et dans ce qui est connu comme des c\u00f4nes alluvionnaires.<\/em>\u00a0\u00bb Au niveau des c\u00e9pages, le\u00a0Domaine\u00a0La P\u00e8ira en Damais\u00e8la\u00a0produit de la Syrah, le Grenache, le Mourv\u00e8dre, le Cinsault, le Carignan, le Viogner, la Roussanne, la Marsanne et la Clairette blanche. En terme de rendement, le domaine produit environ 300 caisses du grand vin et 500 du vin La Flors de la P\u00e8ira.\u00a0<em>En savoir + sur le site du domaine<\/em>.<\/span><\/p>\n<p>&nbsp;<\/p>\n<p style=\"text-align: center;\"><strong><span style=\"color: #000000;\">&gt;&gt; <\/span><a href=\"https:\/\/www.comptoirdesmillesimes.com\/la-peira-en-damaisela\"><span style=\"color: #000000;\">Acheter les vins de La P\u00e8ira<\/span><\/a> &lt;&lt;<\/strong><\/p>\n<p>&nbsp;<\/p>\n<h3 style=\"text-align: center;\"><span style=\"color: #000000;\">L&rsquo;appellation Terrasses du Larzac<\/span><\/h3>\n<p style=\"text-align: justify;\"><span style=\"color: #000000;\">L&rsquo;appellation <strong>Terrasses du Larzac<\/strong> est localis\u00e9e dans la partie nord de l\u2019H\u00e9rault. Elle comprend l&rsquo;ensemble des vieux villages de Montpeyroux et de St Saturnin. On retrouve ici des conditions m\u00e9t\u00e9orologiques exceptionnelles avec des\u00a0\u00e9t\u00e9s tr\u00e8s chauds et tr\u00e8s longs ! Les hivers sont plus difficiles que la moyenne r\u00e9gionale, mais cela ne pose pas de probl\u00e8me du fait de l&rsquo;arriv\u00e9 extra-rapide du printemps, avec une continuit\u00e9 de \u00ab\u00a0beaux-temps\u00a0\u00bb en automne. Une des particularit\u00e9s connues en Terrasses du Larzac est l&rsquo;ensemble des collines qui forment une fronti\u00e8re naturelle. Celles-ci s&rsquo;\u00e9l\u00e8vent \u00e0 plus de 800 m\u00e8tres. Les terroirs qui sont class\u00e9s dans l&rsquo;appellation se trouvent \u00e0 une hauteur entre 50 et 300 m\u00e8tres sur les collines de Causse et sur les vieilles terrasses. Pour la petite histoire, ce sont les Romains qui furent les premiers \u00e0 cultiver les vignes sur les Terrasses du Larzac. Les terres proches de Lod\u00e8ve avaient beaucoup d\u2019attrait, s\u2019\u00e9tendant le long de la Voie Romaine, tr\u00e8s r\u00e9put\u00e9e et fr\u00e9quent\u00e9e dans le temps, un \u00e9l\u00e9ment phare dans la distribution et la circulation des commer\u00e7ants puisqu&rsquo;elle reliait Cessero (St. Thib\u00e9ry), \u00e0 Segodunum (Rodez). En AOC Terrasse du Larzac, l\u2019assemblage d\u2019au moins deux c\u00e9pages est obligatoire. Des r\u00e8gles s&rsquo;appliquent au niveau de l&rsquo;enc\u00e9pagement\u00a0:<\/span><\/p>\n<ul style=\"text-align: justify;\">\n<li><span style=\"color: #000000;\">Les c\u00e9pages syrah, grenache noir et mourv\u00e8dre doivent repr\u00e9senter au minimum 60\u00a0%, en \u00e9tant limit\u00e9s individuellement \u00e0 75\u00a0%.<\/span><\/li>\n<li><span style=\"color: #000000;\">La syrah et \/ ou le mourv\u00e8dre doivent atteindre 20\u00a0% minimum<\/span><\/li>\n<li><span style=\"color: #000000;\">Le cinsault ne peut d\u00e9passer 30\u00a0%<\/span><\/li>\n<li><span style=\"color: #000000;\">Le carignan noir est limit\u00e9 \u00e0 40\u00a0%<\/span><\/li>\n<\/ul>\n<p>&nbsp;<\/p>\n<p style=\"text-align: center;\"><strong>\u00a0<\/strong><\/p>\n<h3 style=\"text-align: center;\"><span style=\"color: #000000;\">Pr\u00e9sentation des vins du Domaine La P\u00e8ira en Damais\u00e8la<\/span><\/h3>\n<h4 style=\"text-align: justify;\"><span style=\"color: #000000;\">Domaine La P\u00e8ira \u00ab\u00a0Matissat 2007\u00a0\u00bb AOC Terrasses du Larzac\u00a0:\u00a0Robert Parker : 93\/100<\/span><\/h4>\n<p style=\"text-align: justify;\"><span style=\"color: #000000;\"><img loading=\"lazy\" decoding=\"async\" class=\"size-medium wp-image-2898 alignleft\" src=\"https:\/\/www.comptoirdesmillesimes.com\/blog\/wp-content\/uploads\/2018\/01\/matissat-la-peira-300x79.png\" alt=\"matissat la peira\" width=\"300\" height=\"79\" srcset=\"https:\/\/www.comptoirdesmillesimes.com\/blog\/wp-content\/uploads\/2018\/01\/matissat-la-peira-300x79.png 300w, https:\/\/www.comptoirdesmillesimes.com\/blog\/wp-content\/uploads\/2018\/01\/matissat-la-peira.png 390w\" sizes=\"auto, (max-width: 300px) 100vw, 300px\" \/>C\u00c9PAGES\u00a0: Majorit\u00e9 de Mourv\u00e8dre<\/span><\/p>\n<p style=\"text-align: justify;\"><span style=\"color: #000000;\">PARCELLES\u00a0: Les Bois de Pauliau (0,42 ha)<\/span><\/p>\n<p style=\"text-align: justify;\"><span style=\"color: #000000;\">SOL\u00a0: D\u00e9p\u00f4ts caillouteux et alluvionnaires (de l\u2019\u00e2ge plioc\u00e8ne). Ces d\u00e9p\u00f4ts provenaient principalement des montagnes calcaires de l\u2019\u00e9poque jurassique (vieilles d\u2019environ 150 millions d\u2019ann\u00e9es) au nord. Le gravier (avec le sable, le limon et l\u2019argile) \u00e9tait d\u00e9pos\u00e9 dans le lit des ruisseaux et dans ce qui est connu comme des c\u00f4nes alluvionnaires. Profonde, poreuse, perm\u00e9able, bien drain\u00e9e et bien a\u00e9r\u00e9e avec un contenu suffisamment argileux pour des besoins nutritifs hydriques et cationiques, point positif et significatif pour un r\u00e9gime non irrigu\u00e9, sp\u00e9cialement en temps de faible pluviosit\u00e9.<\/span><\/p>\n<p style=\"text-align: justify;\"><span style=\"color: #000000;\">D\u00c9GUSTATION : Par David Schildknecht le 31 ao\u00fbt 2011<\/span><\/p>\n<p style=\"text-align: justify;\"><span style=\"color: #000000;\">\u00ab\u00a0Il y a ici un parfum maritime intrigant, ainsi que des notes de prune m\u00fbre et d&rsquo;herbes piquantes. Le riche moka et le chocolat accompagn\u00e9s de prune pourpre confite sont teint\u00e9s de baie, de varech, d&rsquo;iode, de sel et de pierre concass\u00e9e, sur un palais dense et riche en tanins fins. Pour la somptuosit\u00e9 et la persistance pure, il est difficile de d\u00e9passer, m\u00eame au sein de l&rsquo;exceptionnelle \u00e9curie de La Peira, bien qu&rsquo;il manque le dynamisme ou la dimension florale de ses fr\u00e8res et s\u0153urs\u00a0de 2007.\u00a0\u00bb<\/span><\/p>\n<p style=\"text-align: center;\"><strong><span style=\"color: #000000;\">&gt;&gt; <\/span><a href=\"https:\/\/www.comptoirdesmillesimes.com\/la-peira-en-damaisela\"><span style=\"color: #000000;\">Acheter les vins de La P\u00e8ira<\/span><\/a> &lt;&lt;<\/strong><\/p>\n<p>&nbsp;<\/p>\n<h4 style=\"text-align: justify;\"><span style=\"color: #000000;\">Domaine La P\u00e8ira \u00ab\u00a0La P\u00e8ira 2008\u00a0\u00bb AOC Terrasses du Larzac\u00a0:\u00a0Robert Parker :\u00a0 95\/100<\/span><\/h4>\n<p style=\"text-align: justify;\"><span style=\"color: #000000;\"><img loading=\"lazy\" decoding=\"async\" class=\"size-medium wp-image-2897 alignleft\" src=\"https:\/\/www.comptoirdesmillesimes.com\/blog\/wp-content\/uploads\/2018\/01\/La-peira-300x75.png\" alt=\"La peira\" width=\"300\" height=\"75\" srcset=\"https:\/\/www.comptoirdesmillesimes.com\/blog\/wp-content\/uploads\/2018\/01\/La-peira-300x75.png 300w, https:\/\/www.comptoirdesmillesimes.com\/blog\/wp-content\/uploads\/2018\/01\/La-peira-768x193.png 768w, https:\/\/www.comptoirdesmillesimes.com\/blog\/wp-content\/uploads\/2018\/01\/La-peira.png 788w\" sizes=\"auto, (max-width: 300px) 100vw, 300px\" \/>C\u00c9PAGES\u00a0: Assemblage de Syrah, Grenache et Mourv\u00e8dre<\/span><\/p>\n<p style=\"text-align: justify;\"><span style=\"color: #000000;\">PARCELLES\u00a0: Les Bois de Pauliau (2,5 ha)<\/span><\/p>\n<p style=\"text-align: justify;\"><span style=\"color: #000000;\">SOL\u00a0: D\u00e9p\u00f4ts caillouteux et alluvionnaires (de l\u2019\u00e2ge plioc\u00e8ne). Ces d\u00e9p\u00f4ts provenaient principalement des montagnes calcaires de l\u2019\u00e9poque jurassique (vieilles d\u2019environ 150 millions d\u2019ann\u00e9es) au nord. Le gravier (avec le sable, le limon et l\u2019argile) \u00e9tait d\u00e9pos\u00e9 dans le lit des ruisseaux et dans ce qui est connu comme des c\u00f4nes alluvionnaires. Profonde, poreuse, perm\u00e9able, bien drain\u00e9e et bien a\u00e9r\u00e9e avec un contenu suffisamment argileux pour des besoins nutritifs hydriques et cationiques, point positif et significatif pour un r\u00e9gime non irrigu\u00e9, sp\u00e9cialement en temps de faible pluviosit\u00e9.<\/span><\/p>\n<p style=\"text-align: justify;\"><span style=\"color: #000000;\">D\u00c9GUSTATION : Par Jeb Dunnuck le 30 juin 2016<\/span><\/p>\n<p style=\"text-align: justify;\"><span style=\"color: #000000;\">\u00ab\u00a0Un petit bijou cach\u00e9, les Terrasses du Larzac la Peira 2008 offre un style savoureux, complexe, cors\u00e9 et \u00e9l\u00e9gant qui brille dans le mill\u00e9sime, et en fait, il pourrait \u00eatre l&rsquo;un des meilleurs vins du sud de la France dans le mill\u00e9sime. Abandonnant un formidable parfum d&rsquo;herbes poivr\u00e9es (il y a ce classique pinceau r\u00e9sineux du Languedoc), de fruits noirs, de truffe et de pierre concass\u00e9e, il pr\u00e9sente une belle concentration en milieu de bouche, une structure sous-jacente saine et un \u00e9quilibre impeccable. Il fait preuve d&rsquo;une fra\u00eecheur et d&rsquo;une puret\u00e9 incroyables aujourd&rsquo;hui, mais se conservera facilement jusqu&rsquo;en 2026. Ce n&rsquo;est certainement pas l&rsquo;un des mill\u00e9simes les plus exub\u00e9rants, mais il montre une classe incroyable.\u00a0\u00bb<\/span><\/p>\n<p style=\"text-align: center;\"><strong>\u00a0<\/strong><\/p>\n<p>&nbsp;<\/p>\n<h4 style=\"text-align: justify;\"><span style=\"color: #000000;\">Domaine La P\u00e8ira \u00ab\u00a0La P\u00e8ira 2013\u00a0\u00bb AOC Terrasses du Larzac :\u00a0Robert Parker :\u00a0 95\u201397\/100<\/span><\/h4>\n<p style=\"text-align: justify;\"><span style=\"color: #000000;\"><img loading=\"lazy\" decoding=\"async\" class=\"size-medium wp-image-2897 alignleft\" src=\"https:\/\/www.comptoirdesmillesimes.com\/blog\/wp-content\/uploads\/2018\/01\/La-peira-300x75.png\" alt=\"La peira\" width=\"300\" height=\"75\" srcset=\"https:\/\/www.comptoirdesmillesimes.com\/blog\/wp-content\/uploads\/2018\/01\/La-peira-300x75.png 300w, https:\/\/www.comptoirdesmillesimes.com\/blog\/wp-content\/uploads\/2018\/01\/La-peira-768x193.png 768w, https:\/\/www.comptoirdesmillesimes.com\/blog\/wp-content\/uploads\/2018\/01\/La-peira.png 788w\" sizes=\"auto, (max-width: 300px) 100vw, 300px\" \/>C\u00c9PAGES\u00a0: Assemblage de Syrah, Grenache et Mourv\u00e8dre<\/span><\/p>\n<p style=\"text-align: justify;\"><span style=\"color: #000000;\">PARCELLES\u00a0: Les Bois de Pauliau (2,5 ha)<\/span><\/p>\n<p style=\"text-align: justify;\"><span style=\"color: #000000;\">SOL\u00a0: D\u00e9p\u00f4ts caillouteux et alluvionnaires (de l\u2019\u00e2ge plioc\u00e8ne). Ces d\u00e9p\u00f4ts provenaient principalement des montagnes calcaires de l\u2019\u00e9poque jurassique (vieilles d\u2019environ 150 millions d\u2019ann\u00e9es) au nord. Le gravier (avec le sable, le limon et l\u2019argile) \u00e9tait d\u00e9pos\u00e9 dans le lit des ruisseaux et dans ce qui est connu comme des c\u00f4nes alluvionnaires. Profonde, poreuse, perm\u00e9able, bien drain\u00e9e et bien a\u00e9r\u00e9e avec un contenu suffisamment argileux pour des besoins nutritifs hydriques et cationiques, point positif et significatif pour un r\u00e9gime non irrigu\u00e9, sp\u00e9cialement en temps de faible pluviosit\u00e9.<\/span><\/p>\n<p style=\"text-align: justify;\"><span style=\"color: #000000;\">D\u00c9GUSTATION : Par Jeb Dunnuck<\/span><\/p>\n<p style=\"text-align: justify;\"><span style=\"color: #000000;\">\u00ab\u00a0Passant maintenant \u00e0 leur cuv\u00e9e phare, La P\u00e8ira Terrasses du Larzac 2013 exprime toute la puret\u00e9 et la fraicheur du mill\u00e9sime. D\u00e9gust\u00e9 en primeur, cet assemblage \u00e0 dominante de syrah associ\u00e9 \u00e0 30% de grenache impressionne par ses ar\u00f4mes de framboise, de cassis et de violettes, ses nuances florales et ses notes exotiques d\u2019\u00e9pices et de r\u00e9glisse. En bouche, ce vin cors\u00e9 \u00e0 mi cors\u00e9 met en valeur son fruit\u00e9, se montrant fougueux et r\u00e9solument \u00e9l\u00e9gant dans un registre tr\u00e8s frais. Comme pour les autres \u00e9chantillons primeurs 2013, vin promis \u00e0 se bonifier en barrique, gagnant en consistance et en richesse. \u00c9tant donn\u00e9 sa grande puret\u00e9 et son bel \u00e9quilibre, je pense qu\u2019il sera relativement accessible\u00a0d\u00e8s sa sortie tout en \u00e9tant capable de vieillir encore quelques ann\u00e9es.\u00a0\u00bb<\/span><\/p>\n<p style=\"text-align: center;\"><strong><span style=\"color: #000000;\">&gt;&gt; <\/span><a href=\"https:\/\/www.comptoirdesmillesimes.com\/la-peira-en-damaisela\"><span style=\"color: #000000;\">Acheter les vins de La P\u00e8ira<\/span><\/a> &lt;&lt;<\/strong><\/p>\n<p>&nbsp;<\/p>\n<h4 style=\"text-align: justify;\"><span style=\"color: #000000;\">Domaine La P\u00e8ira \u00ab\u00a0La P\u00e8ira 2014\u00a0\u00bb AOC Terrasses du Larzac :\u00a093-96\/100 Robert Parker<\/span><\/h4>\n<p style=\"text-align: justify;\"><span style=\"color: #000000;\"><img loading=\"lazy\" decoding=\"async\" class=\"size-medium wp-image-2897 alignleft\" src=\"https:\/\/www.comptoirdesmillesimes.com\/blog\/wp-content\/uploads\/2018\/01\/La-peira-300x75.png\" alt=\"La peira\" width=\"300\" height=\"75\" srcset=\"https:\/\/www.comptoirdesmillesimes.com\/blog\/wp-content\/uploads\/2018\/01\/La-peira-300x75.png 300w, https:\/\/www.comptoirdesmillesimes.com\/blog\/wp-content\/uploads\/2018\/01\/La-peira-768x193.png 768w, https:\/\/www.comptoirdesmillesimes.com\/blog\/wp-content\/uploads\/2018\/01\/La-peira.png 788w\" sizes=\"auto, (max-width: 300px) 100vw, 300px\" \/>C\u00c9PAGES\u00a0: Assemblage de Syrah, Grenache et Mourv\u00e8dre<\/span><\/p>\n<p style=\"text-align: justify;\"><span style=\"color: #000000;\">PARCELLES\u00a0: Les Bois de Pauliau (2,5 ha)<\/span><\/p>\n<p style=\"text-align: justify;\"><span style=\"color: #000000;\">SOL\u00a0: D\u00e9p\u00f4ts caillouteux et alluvionnaires (de l\u2019\u00e2ge plioc\u00e8ne). Ces d\u00e9p\u00f4ts provenaient principalement des montagnes calcaires de l\u2019\u00e9poque jurassique (vieilles d\u2019environ 150 millions d\u2019ann\u00e9es) au nord. Le gravier (avec le sable, le limon et l\u2019argile) \u00e9tait d\u00e9pos\u00e9 dans le lit des ruisseaux et dans ce qui est connu comme des c\u00f4nes alluvionnaires. Profonde, poreuse, perm\u00e9able, bien drain\u00e9e et bien a\u00e9r\u00e9e avec un contenu suffisamment argileux pour des besoins nutritifs hydriques et cationiques, point positif et significatif pour un r\u00e9gime non irrigu\u00e9, sp\u00e9cialement en temps de faible pluviosit\u00e9.<\/span><\/p>\n<p style=\"text-align: justify;\"><span style=\"color: #000000;\">D\u00c9GUSTATION :\u00a0Le 28 avril 2016 par Jeb Dunnuck<\/span><\/p>\n<p style=\"text-align: justify;\"><span style=\"color: #000000;\">\u00ab\u00a0L&rsquo;un des crus du mill\u00e9sime 2014 sera le Terrasses du Larzac la Peira, issu d&rsquo;une seule parcelle de vigne situ\u00e9e \u00e0 c\u00f4t\u00e9 du domaine et un assemblage de Syrah, Grenache et Mourv\u00e8dre \u00e9lev\u00e9 \u00e0 40% de f\u00fbts neufs. Sa couleur d&rsquo;encre est suivie de fabuleuses notes de m\u00fbre, de poivre, de sang de b\u0153uf et de violette. Gros, riche, cors\u00e9 et bien \u00e9quilibr\u00e9, avec un bon milieu de bouche et des tonnes de fruits chocolat\u00e9s en finale, il est moins concentr\u00e9 que le 2015, mais \u00e9voluera bien au niveau de son \u00e9quilibre.\u00a0\u00bb<\/span><\/p>\n<p>&nbsp;<\/p>\n<h4 style=\"text-align: justify;\"><span style=\"color: #000000;\">Domaine La P\u00e8ira : La P\u00e8ira 2015 \u00ab\u00a0AOC Terrasses du Larzac\u00a0\u00bb :\u00a094-96+\/100 Robert Parker<\/span><\/h4>\n<p style=\"text-align: justify;\"><span style=\"color: #000000;\"><img loading=\"lazy\" decoding=\"async\" class=\"size-medium wp-image-2897 alignleft\" src=\"https:\/\/www.comptoirdesmillesimes.com\/blog\/wp-content\/uploads\/2018\/01\/La-peira-300x75.png\" alt=\"La peira\" width=\"300\" height=\"75\" srcset=\"https:\/\/www.comptoirdesmillesimes.com\/blog\/wp-content\/uploads\/2018\/01\/La-peira-300x75.png 300w, https:\/\/www.comptoirdesmillesimes.com\/blog\/wp-content\/uploads\/2018\/01\/La-peira-768x193.png 768w, https:\/\/www.comptoirdesmillesimes.com\/blog\/wp-content\/uploads\/2018\/01\/La-peira.png 788w\" sizes=\"auto, (max-width: 300px) 100vw, 300px\" \/>C\u00c9PAGES\u00a0: Assemblage de Syrah, Grenache et Mourv\u00e8dre<\/span><\/p>\n<p style=\"text-align: justify;\"><span style=\"color: #000000;\">PARCELLES\u00a0: Les Bois de Pauliau (2,5 ha)<\/span><\/p>\n<p style=\"text-align: justify;\"><span style=\"color: #000000;\">SOL\u00a0: D\u00e9p\u00f4ts caillouteux et alluvionnaires (de l\u2019\u00e2ge plioc\u00e8ne). Ces d\u00e9p\u00f4ts provenaient principalement des montagnes calcaires de l\u2019\u00e9poque jurassique (vieilles d\u2019environ 150 millions d\u2019ann\u00e9es) au nord. Le gravier (avec le sable, le limon et l\u2019argile) \u00e9tait d\u00e9pos\u00e9 dans le lit des ruisseaux et dans ce qui est connu comme des c\u00f4nes alluvionnaires. Profonde, poreuse, perm\u00e9able, bien drain\u00e9e et bien a\u00e9r\u00e9e avec un contenu suffisamment argileux pour des besoins nutritifs hydriques et cationiques, point positif et significatif pour un r\u00e9gime non irrigu\u00e9, sp\u00e9cialement en temps de faible pluviosit\u00e9.<\/span><\/p>\n<p style=\"text-align: justify;\"><span style=\"color: #000000;\">D\u00c9GUSTATION\u00a0:\u00a0Le 28 avril 2017 par Jeb Dunnuck<\/span><\/p>\n<p style=\"text-align: justify;\"><span style=\"color: #000000;\">\u00ab\u00a0Un assemblage de 45% chacun de Grenache et de Syrah, avec l&rsquo;\u00e9quilibre Mourv\u00e8dre, les Terrasses du Larzac la Peira 2015 sont \u00e9lev\u00e9es principalement dans des ch\u00eanes plus anciens, mais avec un faible pourcentage de nouveaut\u00e9. C&rsquo;est un vin plus gros, plus riche et plus concentr\u00e9 que le Las Flors et qui offre de s\u00e9rieuses notes de graphite, de fum\u00e9e de bois, de groseilles et de roches concass\u00e9es. Tannique, arri\u00e9r\u00e9 et structur\u00e9, ne pensez m\u00eame pas \u00e0 toucher les bouteilles durant au moins 3-4 ans.\u00a0\u00bb<\/span><\/p>\n<p style=\"text-align: center;\"><strong><span style=\"color: #000000;\">&gt;&gt; <\/span><a href=\"https:\/\/www.comptoirdesmillesimes.com\/la-peira-en-damaisela\"><span style=\"color: #000000;\">Acheter les vins de La P\u00e8ira<\/span><\/a> &lt;&lt;<\/strong><\/p>\n<p>&nbsp;<\/p>\n<h4 style=\"text-align: justify;\"><span style=\"color: #000000;\">Domaine La P\u00e8ira \u00ab\u00a0Las Flors 2015\u00a0\u00bb Terrasses du Larzac\u00a0:\u00a094-96+\/100 Robert Parker<\/span><\/h4>\n<p style=\"text-align: justify;\"><span style=\"color: #000000;\"><img loading=\"lazy\" decoding=\"async\" class=\"size-medium wp-image-2895 alignleft\" src=\"https:\/\/www.comptoirdesmillesimes.com\/blog\/wp-content\/uploads\/2018\/01\/la-flors-la-peira-300x70.png\" alt=\"la flors la peira\" width=\"300\" height=\"70\" srcset=\"https:\/\/www.comptoirdesmillesimes.com\/blog\/wp-content\/uploads\/2018\/01\/la-flors-la-peira-300x70.png 300w, https:\/\/www.comptoirdesmillesimes.com\/blog\/wp-content\/uploads\/2018\/01\/la-flors-la-peira-768x180.png 768w, https:\/\/www.comptoirdesmillesimes.com\/blog\/wp-content\/uploads\/2018\/01\/la-flors-la-peira.png 847w\" sizes=\"auto, (max-width: 300px) 100vw, 300px\" \/>C\u00c9PAGES\u00a0: Grenache, Syrah, Mourv\u00e8dre, Cinsault et de Carignan<\/span><\/p>\n<p style=\"text-align: justify;\"><span style=\"color: #000000;\">PARCELLES\u00a0: Belle Fiole (Belle-Feuille)<\/span><\/p>\n<p style=\"text-align: justify;\"><span style=\"color: #000000;\">SOL\u00a0: D\u00e9p\u00f4ts caillouteux et alluvionnaires (de l\u2019\u00e2ge plioc\u00e8ne). Ces d\u00e9p\u00f4ts provenaient principalement des montagnes calcaires de l\u2019\u00e9poque jurassique (vieilles d\u2019environ 150 millions d\u2019ann\u00e9es) au nord. Le gravier (avec le sable, le limon et l\u2019argile) \u00e9tait d\u00e9pos\u00e9 dans le lit des ruisseaux et dans ce qui est connu comme des c\u00f4nes alluvionnaires. Profonde, poreuse, perm\u00e9able, bien drain\u00e9e et bien a\u00e9r\u00e9e avec un contenu suffisamment argileux pour des besoins nutritifs hydriques et cationiques, point positif et significatif pour un r\u00e9gime non irrigu\u00e9, sp\u00e9cialement en temps de faible pluviosit\u00e9.<\/span><\/p>\n<p style=\"text-align: justify;\"><span style=\"color: #000000;\">D\u00c9GUSTATION\u00a0:\u00a0Le 28 avril 2017 par Jeb Dunnuck<\/span><\/p>\n<p style=\"text-align: justify;\"><span style=\"color: #000000;\">\u00ab\u00a0L&rsquo;assemblage de 45% de Syrah, 35% de Grenache et le reste de Mourv\u00e8dre, vieilli principalement dans des f\u00fbts plus anciens, offre de merveilleuses notes de framboise noire, de cassis, de graphite et de poivre. Cors\u00e9, voluptueux et d\u00e9cadent, mais toujours pur et impeccablement \u00e9quilibr\u00e9, il sera \u00e0 peu pr\u00e8s impossible de r\u00e9sister \u00e0 la lib\u00e9ration. Il d\u00e9tient une couleur rubis vibrante pour aller avec des notes confites, des framboises, des m\u00fbres, des violettes et de la garrigue. Mi-cors\u00e9 \u00e0 cors\u00e9, pur, avec des tanins m\u00fbrs, une bonne acidit\u00e9 et une longueur formidable, il aura 10 \u00e0 12 ans de long\u00e9vit\u00e9 globale.\u00a0\u00bb<\/span><\/p>\n<p style=\"text-align: center;\"><strong>\u00a0<\/strong><\/p>\n<p>&nbsp;<\/p>\n<h4 style=\"text-align: justify;\"><span style=\"color: #000000;\">Domaine La P\u00e8ira \u00ab\u00a0Matissat 2015\u00a0\u00bb AOC Terrasses du Larzac\u00a0:\u00a093-95+\/100 Robert Parker<\/span><\/h4>\n<p style=\"text-align: justify;\"><span style=\"color: #000000;\"><img loading=\"lazy\" decoding=\"async\" class=\"size-medium wp-image-2898 alignleft\" src=\"https:\/\/www.comptoirdesmillesimes.com\/blog\/wp-content\/uploads\/2018\/01\/matissat-la-peira-300x79.png\" alt=\"matissat la peira\" width=\"300\" height=\"79\" srcset=\"https:\/\/www.comptoirdesmillesimes.com\/blog\/wp-content\/uploads\/2018\/01\/matissat-la-peira-300x79.png 300w, https:\/\/www.comptoirdesmillesimes.com\/blog\/wp-content\/uploads\/2018\/01\/matissat-la-peira.png 390w\" sizes=\"auto, (max-width: 300px) 100vw, 300px\" \/>C\u00c9PAGES\u00a0: Majorit\u00e9 de Mourv\u00e8dre<\/span><\/p>\n<p style=\"text-align: justify;\"><span style=\"color: #000000;\">PARCELLES\u00a0: Les Bois de Pauliau (0,42 ha)<\/span><\/p>\n<p style=\"text-align: justify;\"><span style=\"color: #000000;\">SOL\u00a0: D\u00e9p\u00f4ts caillouteux et alluvionnaires (de l\u2019\u00e2ge plioc\u00e8ne). Ces d\u00e9p\u00f4ts provenaient principalement des montagnes calcaires de l\u2019\u00e9poque jurassique (vieilles d\u2019environ 150 millions d\u2019ann\u00e9es) au nord. Le gravier (avec le sable, le limon et l\u2019argile) \u00e9tait d\u00e9pos\u00e9 dans le lit des ruisseaux et dans ce qui est connu comme des c\u00f4nes alluvionnaires. Profonde, poreuse, perm\u00e9able, bien drain\u00e9e et bien a\u00e9r\u00e9e avec un contenu suffisamment argileux pour des besoins nutritifs hydriques et cationiques, point positif et significatif pour un r\u00e9gime non irrigu\u00e9, sp\u00e9cialement en temps de faible pluviosit\u00e9.<\/span><\/p>\n<p style=\"text-align: justify;\"><span style=\"color: #000000;\">D\u00c9GUSTATION\u00a0:\u00a0Le 28 avril 2016 par Jeb Dunnuck<\/span><\/p>\n<p style=\"text-align: justify;\"><span style=\"color: #000000;\">\u00ab\u00a0Les Terrasses du Larzac Matissat 2015 sont domin\u00e9es par le Mourv\u00e8dre et verront deux ann\u00e9es en barriques, dont certaines sont nouvelles. Min\u00e9raux, cassis, terre fum\u00e9e et fer sortent de cette \u00e9paisse et riche bouche 2015 enrob\u00e9e de tanins m\u00fbrs et d&rsquo;une grande finale. Il y a assez de fruits et de profondeur ici pour offrir un peu de plaisir \u00e0 la sortie, mais la cave \u00e0 court terme devrait \u00eatre le nom du jeu.\u00a0\u00bb<\/span><\/p>\n<p style=\"text-align: center;\"><strong><span style=\"color: #000000;\">&gt;&gt; <\/span><a href=\"https:\/\/www.comptoirdesmillesimes.com\/la-peira-en-damaisela\"><span style=\"color: #000000;\">Acheter les vins de La P\u00e8ira<\/span><\/a> &lt;&lt;<\/strong><\/p>\n<p>&nbsp;<\/p>\n<h4 style=\"text-align: justify;\"><span style=\"color: #000000;\">Domaine La P\u00e8ira \u00ab\u00a0Deusyls 2016\u00a0\u00bb IGP Pays de l&rsquo;H\u00e9rault\u00a0: 90-92\/100 Robert Parker<\/span><\/h4>\n<p style=\"text-align: justify;\"><span style=\"color: #000000;\"><img loading=\"lazy\" decoding=\"async\" class=\"size-medium wp-image-2899 alignleft\" src=\"https:\/\/www.comptoirdesmillesimes.com\/blog\/wp-content\/uploads\/2018\/01\/La-Peira-Deusyl-e1516724118713-300x82.jpg\" alt=\"La Peira Deusyl\" width=\"300\" height=\"82\" srcset=\"https:\/\/www.comptoirdesmillesimes.com\/blog\/wp-content\/uploads\/2018\/01\/La-Peira-Deusyl-e1516724118713-300x82.jpg 300w, https:\/\/www.comptoirdesmillesimes.com\/blog\/wp-content\/uploads\/2018\/01\/La-Peira-Deusyl-e1516724118713.jpg 724w\" sizes=\"auto, (max-width: 300px) 100vw, 300px\" \/>C\u00c9PAGES\u00a0: Roussane, Marsanne, Clairette et Grenache blanc<\/span><\/p>\n<p style=\"text-align: justify;\"><span style=\"color: #000000;\">PARCELLES\u00a0: Belle Fiole (Belle-Feuille)\/ Les Pointes<\/span><\/p>\n<p style=\"text-align: justify;\"><span style=\"color: #000000;\">SOL\u00a0: D\u00e9p\u00f4ts caillouteux et alluvionnaires (de l\u2019\u00e2ge plioc\u00e8ne). Ces d\u00e9p\u00f4ts provenaient principalement des montagnes calcaires de l\u2019\u00e9poque jurassique (vieilles d\u2019environ 150 millions d\u2019ann\u00e9es) au nord. Le gravier (avec le sable, le limon et l\u2019argile) \u00e9tait d\u00e9pos\u00e9 dans le lit des ruisseaux et dans ce qui est connu comme des c\u00f4nes alluvionnaires. Profonde, poreuse, perm\u00e9able, bien drain\u00e9e et bien a\u00e9r\u00e9e avec un contenu suffisamment argileux pour des besoins nutritifs hydriques et cationiques, point positif et significatif pour un r\u00e9gime non irrigu\u00e9, sp\u00e9cialement en temps de faible pluviosit\u00e9.<\/span><\/p>\n<p style=\"text-align: justify;\"><span style=\"color: #000000;\">D\u00c9GUSTATION\u00a0:\u00a0Le 28 avril 2017 par Jeb Dunnuck<\/span><\/p>\n<p style=\"text-align: justify;\"><span style=\"color: #000000;\">\u00ab\u00a0Fabriqu\u00e9 \u00e0 50% de Roussanne et au reste de la Clairette et du Viognier, le Deusyls de la Peira 2016 est une beaut\u00e9 de p\u00eache m\u00fbre, d&rsquo;ananas et de parfum tropical qui a une richesse moyennement cors\u00e9e et une puret\u00e9 terrifiante. Comme tout ici, c&rsquo;est impeccablement fait.\u00a0\u00bb<\/span><\/p>\n<p style=\"text-align: center;\"><strong>\u00a0<\/strong><\/p>\n<p>&nbsp;<\/p>\n<h4 style=\"text-align: justify;\"><span style=\"color: #000000;\">Domaine La P\u00e8ira \u00ab\u00a0La P\u00e8ira blanc 2016\u00a0\u00bb IGP Pays de l&rsquo;H\u00e9rault\u00a0:\u00a093-95\/100 Robert Parker<\/span><\/h4>\n<p style=\"text-align: justify;\"><span style=\"color: #000000;\"><img loading=\"lazy\" decoding=\"async\" class=\"size-medium wp-image-2896 alignleft\" src=\"https:\/\/www.comptoirdesmillesimes.com\/blog\/wp-content\/uploads\/2018\/01\/la-peira-blanc-300x225.png\" alt=\"la peira blanc\" width=\"300\" height=\"225\" srcset=\"https:\/\/www.comptoirdesmillesimes.com\/blog\/wp-content\/uploads\/2018\/01\/la-peira-blanc-300x225.png 300w, https:\/\/www.comptoirdesmillesimes.com\/blog\/wp-content\/uploads\/2018\/01\/la-peira-blanc.png 400w\" sizes=\"auto, (max-width: 300px) 100vw, 300px\" \/>C\u00c9PAGES\u00a0: Viognier 50%, Roussane 50%<\/span><\/p>\n<p style=\"text-align: justify;\"><span style=\"color: #000000;\">PARCELLES\u00a0: Belle Fiole (Belle-Feuille)<\/span><\/p>\n<p style=\"text-align: justify;\"><span style=\"color: #000000;\">SOL\u00a0: D\u00e9p\u00f4ts caillouteux et alluvionnaires (de l\u2019\u00e2ge plioc\u00e8ne). Ces d\u00e9p\u00f4ts provenaient principalement des montagnes calcaires de l\u2019\u00e9poque jurassique (vieilles d\u2019environ 150 millions d\u2019ann\u00e9es) au nord. Le gravier (avec le sable, le limon et l\u2019argile) \u00e9tait d\u00e9pos\u00e9 dans le lit des ruisseaux et dans ce qui est connu comme des c\u00f4nes alluvionnaires. Profonde, poreuse, perm\u00e9able, bien drain\u00e9e et bien a\u00e9r\u00e9e avec un contenu suffisamment argileux pour des besoins nutritifs hydriques et cationiques, point positif et significatif pour un r\u00e9gime non irrigu\u00e9, sp\u00e9cialement en temps de faible pluviosit\u00e9.<\/span><\/p>\n<p style=\"text-align: justify;\"><span style=\"color: #000000;\">D\u00c9GUSTATION\u00a0:\u00a0Le 28 avril 2017 par Jeb Dunnuck<\/span><\/p>\n<p style=\"text-align: justify;\"><span style=\"color: #000000;\">\u00ab\u00a0La cuv\u00e9e en blanc du domaine se compose d&rsquo;un tiers de Viognier, de Marsanne et de Roussanne. Malheureusement, il n&rsquo;y aura que trois barriques des Terrasses du Larzac La Peira Blanc 2016 produites. C&rsquo;est un vin plus imposant, plus riche et plus substantiel que la cuv\u00e9e &lsquo;Deusyls&rsquo; et il offre des ar\u00f4mes d&rsquo;ananas, de p\u00eache blanche, de fleurs et de brioche au nez. Cors\u00e9, riche et concentr\u00e9, avec une puret\u00e9 et une fra\u00eecheur de premier ordre, c&rsquo;est probablement le vin blanc du mill\u00e9sime 2016.\u00a0\u00bb<\/span><\/p>\n<p style=\"text-align: justify;\"><span style=\"color: #000000;\">QUELQUES CRITIQUES DU VIN SUR LA P\u00c8IRA<\/span><\/p>\n<p style=\"text-align: justify;\"><span style=\"color: #000000;\">\u00ab Que l\u2019on ne s\u2019y trompe pas, ce vin, comme le domaine dont il est issu, occupent une place r\u00e9solument \u00e0 part. \u00bb Jancis Robinson (The Financial Times) sur La P\u00e8ira<\/span><\/p>\n<p style=\"text-align: justify;\"><span style=\"color: #000000;\">\u00ab Sans doute un des meilleurs domaines viticoles de toute la France \u00bb Jeb Dunnuck Wine Advocate<\/span><\/p>\n<p style=\"text-align: justify;\"><span style=\"color: #000000;\">\u00ab Pour de nombreux observateurs, il s\u2019agit du domaine le plus excitant du Languedoc. \u00bb Robert Parker \u2013 Wine Advocate<\/span><\/p>\n<p style=\"text-align: justify;\"><span style=\"color: #000000;\">\u00ab \u00a0La preuve de sa grandeur c\u2019est qu\u2019il m\u2019a oblig\u00e9 \u00e0 repenser mon panth\u00e9on personnel \u00bb Andrew Jefford (Decanter)<br \/>\n<\/span><\/p>\n<p style=\"text-align: justify;\"><span style=\"color: #000000;\">\u00ab Le meilleur producteur du Languedoc Roussillon. \u00bb Jeb Dunnuck (Wine Advocate)<br \/>\n<\/span><\/p>\n<p style=\"text-align: justify;\"><span style=\"color: #000000;\">\u00ab Des vins pouvant soutenir la comparaison avec les ic\u00f4nes mondiales parmi les grands vins. \u00bb David Schildknecht (Wine Advocate)<\/span><\/p>\n<p style=\"text-align: center;\"><strong><span style=\"color: #000000;\">Retrouvez toutes les grandes cuv\u00e9es du domaine La P\u00e8ira sur Comptoir des Mill\u00e9simes.<\/span><\/strong><\/p>\n<p style=\"text-align: justify;\"><span style=\"color: #000000;\">Tous les vins sont en stock disponibles \u00e0 l&rsquo;achat. Les vins du domaine La P\u00e8ira que nous stockons proviennent directement du domaine. Ainsi, nous pouvons vous assurer des bouteilles de qualit\u00e9 authentique, propres au domaine.<\/span><\/p>\n<blockquote>\n<p style=\"text-align: center;\"><strong>&gt; <a href=\"https:\/\/www.comptoirdesmillesimes.com\/la-peira-en-damaisela\">Acheter les vins de La P\u00e8ira<\/a> &lt;&lt;<\/strong><\/p>\n<\/blockquote>\n<p>&nbsp;<\/p>\n<h2 style=\"text-align: center;\">Le nouveau mill\u00e9sime 2017 !<\/h2>\n<p>C&rsquo;est un t\u00e9moignage du travail de tous les membres de l&rsquo;\u00e9quipe de La P\u00e8ira et en particulier les vignerons J\u00e9r\u00e9mie Depierre (mill\u00e9simes 2004-2014) et Audrey Bonnet-Koenig (\u00e0 partir de 2015). Un grand t\u00e9moignage aussi des terroirs viticoles exceptionnels des lieux-dits de La P\u00e8ira : le Bois de Pauliau et l&rsquo;\u00e9glise de La P\u00e8ira. Les critiques du mill\u00e9sime 2016 (\u00ab\u00a0&#8230;un candidat \u00e0 l&rsquo;\u00e9lection de la perfection&rsquo; &#8211; Jeb Dunnuck) et du mill\u00e9sime 2017. (&lsquo;&#8230;La P\u00e8ira 2017 est g\u00e9niale&rsquo;). Tout cela sert \u00e0 souligner un point central : que dans un contexte de l&rsquo;univers viticole actuel o\u00f9 l&rsquo;excellence v\u00e9ritable est stratosph\u00e9rique et souvent hors de port\u00e9e, La P\u00e8ira livre la classe mondiale tout en restant \u00e0 la pointe de la technologie.<\/p>\n<h2 style=\"text-align: center;\">2017 : petite quantit\u00e9, grande qualit\u00e9<\/h2>\n<p>Comme sur l&rsquo;ensemble du territoire fran\u00e7ais, l&rsquo;ann\u00e9e 2017 a \u00e9t\u00e9 caract\u00e9ris\u00e9e par une r\u00e9colte en baisse de la quantit\u00e9 et la haute qualit\u00e9. Comme le rapporte Jancis Robinson, la \u00ab\u00a0condition<br \/>\ndu fruit \u00e0 la r\u00e9colte \u00e9tait g\u00e9n\u00e9ralement tr\u00e8s bon, de sorte que les plus soucieux de la qualit\u00e9 ont le potentiel pour produire d&rsquo;excellents vins\u00a0\u00bb. La Guilde des boursiers du vin de la r\u00e9gion (compil\u00e9 par Andrew Jefford) donne au mill\u00e9sime une note de quatre verres sur cinq (&lsquo;Excellent&rsquo;). Dans le Wine Advocate, le mill\u00e9sime est d\u00e9sign\u00e9s comme \u00e9tant \u00ab\u00a0en circulation\u00a0\u00bb et dont l&rsquo;\u00e9ch\u00e9ance est caract\u00e9ris\u00e9e par le symbole T&rsquo; (indiquant que le vin est encore tannique, jeune ou lent \u00e0 maturit\u00e9).<\/p>\n<ul>\n<li>\n<h3>Pour r\u00e9sum\u00e9 le mill\u00e9sime 2017 de La P\u00e8ira en Damais\u00e8la :<\/h3>\n<\/li>\n<\/ul>\n<p>&#8211; Suggestion aromatique de fruits noirs, qualit\u00e9s florales, \u00e9pices (poivre), mine de crayon.<br \/>\n&#8211; Des rouges cors\u00e9s \u00e0 la hauteur de leur richesse et de leur complexit\u00e9 et de longueur avec un haut degr\u00e9 de puret\u00e9 du fruit, \u00e9quilibre et \u00e9l\u00e9gance.<br \/>\n&#8211; Tannins fins et soyeux, doux et soyeux.<br \/>\n&#8211; Un troisi\u00e8me mill\u00e9sime tr\u00e8s r\u00e9ussi !<\/p>\n<ul>\n<li>\n<h3>La P\u00e8ira 2017 : 95-97\/100 Jeb Dunnuck<\/h3>\n<\/li>\n<\/ul>\n<p>La Cuv\u00e9e La P\u00e8ira 2017 est brillante ! Ce vin est l&rsquo;un des plus merveilleux du Languedoc. De superbes notes de fruits noirs, poivre noir, graphite. Des tannins bien \u00e9quilibr\u00e9s, on sent la puret\u00e9 des notes de fruits, la fraicheur, une vraie structure. C&rsquo;est un vin d&rsquo;un style tr\u00e8s \u00e9l\u00e9gant qui sera encore meilleur apr\u00e8s quelques ann\u00e9es.<\/p>\n<ul>\n<li>\n<h3>La P\u00e8ira Matissat 2017 : 94-96+\/100 Jeb Dunnuck<\/h3>\n<\/li>\n<\/ul>\n<p>Un vin \u00e0 la port\u00e9e des amateurs de Mourv\u00e8dre. 100% Mourv\u00e8dre, il offre un formidable parfum de m\u00fbres, viande \u00e9pic\u00e9e, poivre et terre, qui se d\u00e9veloppe magnifiquement avec le temps dans<br \/>\nle verre. Comme pour toutes ces bouteilles du mill\u00e9sime 2017, elle est plus \u00e9l\u00e9gante que les autres cuv\u00e9es. Il gagne en richesse et en profondeur au fur et \u00e0 mesure qu&rsquo;il s&rsquo;a\u00e8re. Moyen \u00e0 plein<br \/>\ncors\u00e9, joliment \u00e9quilibr\u00e9, avec des tanins soyeux. Le mieux est de le laisser 3 ou 4 ans en bouteille et il devrait se conserver 15-20 ans.<\/p>\n<ul>\n<li>\n<h3>Las Flors de La P\u00e8ira 2017 : 92-95\/100 Robert Parker Wine Advocate<\/h3>\n<\/li>\n<\/ul>\n<p>Les Terrasses du Larzac Las Flors de la P\u00e8ira 2017 sont un m\u00e9lange de 30% de Grenache, Mourv\u00e8dre et Syrah, plus 5% de Carignan et Cinsault. Toujours en barrique, il est cors\u00e9 mais pr\u00e9sente des notes de printemps magnifiquement d\u00e9limit\u00e9es. Des fleurs, des fruits rouges et noirs m\u00e9lang\u00e9s et un saupoudrage d&rsquo;\u00e9pices \u00e0 p\u00e2tisserie sur le long terme,<\/p>\n<p>&nbsp;<\/p>\n<h3 style=\"text-align: justify;\"><span style=\"color: #000000;\">Les \u00ab\u00a0News\u00a0\u00bb du domaine La P\u00e8ira<\/span><\/h3>\n<p style=\"text-align: justify;\"><span style=\"color: #000000;\">\u25ba La nouvelle \u00e0 La Peira est le d\u00e9m\u00e9nagement de l&rsquo;ancien vinificateur, J\u00e9r\u00e9mie\u00a0Depierre, et l&rsquo;arriv\u00e9e de la nouvelle vinificatrice Audrey Bonnet-Koenig, originaire de Strasbourg, en Alsace. Audrey a \u00e9tudi\u00e9 \u00e0 Bordeaux, travaillant avec Ch\u00e2teau\u00a0Doisy Da\u00ebne et Ch\u00e2teau Cheval Blanc, avant de travailler dans le Languedoc au Ch\u00e2teau de S\u00e9rame. Elle s&rsquo;est \u00e9galement jointe \u00e0 Claude Gros, qui a pr\u00eat\u00e9 conseil depuis le d\u00e9but. En outre, ils ont ajout\u00e9 un nouveau vin appel\u00e9 \u00ab\u00a0Luteva\u00a0\u00bb, qui est un m\u00e9lange plus r\u00e9gional avec l&rsquo;id\u00e9e de mettre les vins du Languedoc de haute qualit\u00e9 dans les mains du consommateur \u00e0 un prix avantageux.\u00a0Ce sont des vins brillants qui valent bien l&rsquo;effort de suivre le cours du march\u00e9 et l&rsquo;actualit\u00e9 du domaine.<\/span><\/p>\n<p style=\"text-align: left;\"><span style=\"color: #000000;\">\u25ba Connaissez-vous le propri\u00e9taire Robert Dougan ? Plus connu sous le nom de Rob D., vous avez peut-\u00eatre d\u00e9j\u00e0 entendu l&rsquo;une de ses oeuvres dans le film <em>\u00ab\u00a0Matrix\u00a0\u00bb<\/em>. En effet, avant sa reconversion, celui-ci \u00e9tait dans le domaine de la musique \u00e9lectronique. Voici un petit aper\u00e7u de l&rsquo;une de ses productions dans la bande-son de <em>\u00ab\u00a0Matrix\u00a0\u00bb<\/em> :<\/span><\/p>\n<p style=\"text-align: center;\"><iframe loading=\"lazy\" src=\"https:\/\/www.youtube.com\/embed\/jtAmFKaThNE\" width=\"560\" height=\"315\" frameborder=\"0\" allowfullscreen=\"allowfullscreen\"><\/iframe><\/p>\n<p style=\"text-align: center;\"><span style=\"color: #000000;\"><div class=\"feedzy-ea83f7a1303f236a63c3704c9afc1e6d feedzy-rss\"><div class=\"rss_header\"><h2><a href=\"https:\/\/www.comptoirdesmillesimes.com\/\" class=\"rss_title\" rel=\"noopener\">Comptoir des Millesimes<\/a> <span class=\"rss_description\"> Plus de 2000 Bouteilles et 80 Mill\u00e9simes - 100% en stock - Exp\u00e9dition sous 24h - Frais de livraison fixes de 7 \u20ac  - Service Cadeau<\/span><\/h2><\/div><ul><li  style=\"padding: 15px 0 25px\" class=\"rss_item\"><div class=\"rss_image\" style=\"height:150px;width:150px;\"><a href=\"https:\/\/www.comptoirdesmillesimes.com\/la-peira-en-damaisela\/deusyls-de-la-peira-blanc-2020.html\" target=\"_blank\" rel=\" noopener\" title=\"Deusyls de La P\u00e8ira Blanc 2020 - 29,00\u00a0\u20ac\" style=\"height:150px;width:150px;\"><img decoding=\"async\" src=\"https:\/\/www.comptoirdesmillesimes.com\/58551-small_default\/deusyls-de-la-peira-blanc-2020.jpg\" title=\"Deusyls de La P\u00e8ira Blanc 2020 - 29,00\u00a0\u20ac\" style=\"height:150px;width:150px;\"><\/a><\/div><span class=\"title\"><a href=\"https:\/\/www.comptoirdesmillesimes.com\/la-peira-en-damaisela\/deusyls-de-la-peira-blanc-2020.html\" target=\"_blank\" rel=\" noopener\">Deusyls de La P\u00e8ira Blanc 2020 - 29,00\u00a0\u20ac<\/a><\/span><div class=\"rss_content\" style=\"\"><small>le 26 avril 2026 \u00e0 7 h 36 min <\/small><p>Pays d'H\u00e9rault - Languedoc<\/p><\/div><\/li><\/ul> <\/div><style type=\"text\/css\" media=\"all\">.feedzy-rss .rss_item .rss_image{float:left;position:relative;border:none;text-decoration:none;max-width:100%}.feedzy-rss .rss_item .rss_image span{display:inline-block;position:absolute;width:100%;height:100%;background-position:50%;background-size:cover}.feedzy-rss .rss_item .rss_image{margin:.3em 1em 0 0;content-visibility:auto}.feedzy-rss ul{list-style:none}.feedzy-rss ul li{display:inline-block}<\/style><\/span><\/p>\n","protected":false},"excerpt":{"rendered":"<p>Domaine La P\u00e8ira en Damais\u00e8la : AOC\u00a0Terrasses du Larzac Pr\u00e9sentation du domaine La P\u00e8ira Le domaine La P\u00e8ira en Damais\u00e8la, situ\u00e9 dans le Languedoc-Roussillon, d\u00e9bute son aventure seulement \u00e0 partir de 2004. On retrouve cette superbe propri\u00e9t\u00e9 au c\u0153ur des paysages sauvages des Terrasses du Larzac.\u00a0Un domaine qui a vu le jour r\u00e9cemment, et pourtant,&hellip;<\/p>\n","protected":false},"author":14,"featured_media":2892,"comment_status":"open","ping_status":"open","sticky":false,"template":"","format":"standard","meta":{"_jetpack_memberships_contains_paid_content":false,"footnotes":""},"categories":[36,22],"tags":[],"class_list":["post-2885","post","type-post","status-publish","format-standard","has-post-thumbnail","hentry","category-direct-producteur","category-languedoc-roussillon"],"gutentor_comment":2,"jetpack_featured_media_url":"https:\/\/www.comptoirdesmillesimes.com\/blog\/wp-content\/uploads\/2018\/01\/Achat-Domaine-La-Peira-grand-cru-du-midi.png","jetpack_sharing_enabled":true,"_links":{"self":[{"href":"https:\/\/www.comptoirdesmillesimes.com\/blog\/wp-json\/wp\/v2\/posts\/2885","targetHints":{"allow":["GET"]}}],"collection":[{"href":"https:\/\/www.comptoirdesmillesimes.com\/blog\/wp-json\/wp\/v2\/posts"}],"about":[{"href":"https:\/\/www.comptoirdesmillesimes.com\/blog\/wp-json\/wp\/v2\/types\/post"}],"author":[{"embeddable":true,"href":"https:\/\/www.comptoirdesmillesimes.com\/blog\/wp-json\/wp\/v2\/users\/14"}],"replies":[{"embeddable":true,"href":"https:\/\/www.comptoirdesmillesimes.com\/blog\/wp-json\/wp\/v2\/comments?post=2885"}],"version-history":[{"count":23,"href":"https:\/\/www.comptoirdesmillesimes.com\/blog\/wp-json\/wp\/v2\/posts\/2885\/revisions"}],"predecessor-version":[{"id":2902,"href":"https:\/\/www.comptoirdesmillesimes.com\/blog\/wp-json\/wp\/v2\/posts\/2885\/revisions\/2902"}],"wp:featuredmedia":[{"embeddable":true,"href":"https:\/\/www.comptoirdesmillesimes.com\/blog\/wp-json\/wp\/v2\/media\/2892"}],"wp:attachment":[{"href":"https:\/\/www.comptoirdesmillesimes.com\/blog\/wp-json\/wp\/v2\/media?parent=2885"}],"wp:term":[{"taxonomy":"category","embeddable":true,"href":"https:\/\/www.comptoirdesmillesimes.com\/blog\/wp-json\/wp\/v2\/categories?post=2885"},{"taxonomy":"post_tag","embeddable":true,"href":"https:\/\/www.comptoirdesmillesimes.com\/blog\/wp-json\/wp\/v2\/tags?post=2885"}],"curies":[{"name":"wp","href":"https:\/\/api.w.org\/{rel}","templated":true}]}}