{"id":2983,"date":"2018-02-16T17:05:15","date_gmt":"2018-02-16T16:05:15","guid":{"rendered":"https:\/\/www.comptoirdesmillesimes.com\/blog\/?p=2983"},"modified":"2018-02-22T15:33:46","modified_gmt":"2018-02-22T14:33:46","slug":"scandale-romanee-conti-gelee","status":"publish","type":"post","link":"https:\/\/www.comptoirdesmillesimes.com\/blog\/scandale-romanee-conti-gelee\/","title":{"rendered":"SCANDALE : une Roman\u00e9e-Conti 2007 gel\u00e9e \u00e0 cause d&rsquo;un probl\u00e8me de livraison !"},"content":{"rendered":"<p>Aimez-vous les sorbets ? Aujourd&rsquo;hui nous en avons trouv\u00e9 un d&rsquo;une valeur peu commune. En effet, cette bouteille de Roman\u00e9e-Conti a \u00e9t\u00e9 retrouv\u00e9e gel\u00e9e \u00e0 la suite d&rsquo;un export vers la Chine.<\/p>\n<p><img loading=\"lazy\" decoding=\"async\" class=\"aligncenter size-full wp-image-2984\" src=\"https:\/\/www.comptoirdesmillesimes.com\/blog\/wp-content\/uploads\/2018\/02\/roman\u00e9e-conti-gelee-scandale.jpg\" alt=\"actualite roman\u00e9e conti gelee scandale\" width=\"920\" height=\"1145\" srcset=\"https:\/\/www.comptoirdesmillesimes.com\/blog\/wp-content\/uploads\/2018\/02\/roman\u00e9e-conti-gelee-scandale.jpg 920w, https:\/\/www.comptoirdesmillesimes.com\/blog\/wp-content\/uploads\/2018\/02\/roman\u00e9e-conti-gelee-scandale-241x300.jpg 241w, https:\/\/www.comptoirdesmillesimes.com\/blog\/wp-content\/uploads\/2018\/02\/roman\u00e9e-conti-gelee-scandale-768x956.jpg 768w, https:\/\/www.comptoirdesmillesimes.com\/blog\/wp-content\/uploads\/2018\/02\/roman\u00e9e-conti-gelee-scandale-823x1024.jpg 823w\" sizes=\"auto, (max-width: 920px) 100vw, 920px\" \/><\/p>\n<p>&nbsp;<\/p>\n<h3>Comment la bouteille de Roman\u00e9e Conti s&rsquo;est-elle retrouv\u00e9e gel\u00e9e ?<\/h3>\n<p>La soci\u00e9t\u00e9 de livraison aurait rencontr\u00e9e quelques soucis dans le processus d&rsquo;envoi. Malgr\u00e9 le fait que cela puisse sembler l\u00e9g\u00e8rement humoristique, c&rsquo;est aussi incontestablement une image choquante lorsque l&rsquo;on connait le prix la perle rare ! Nous pouvons constater sur le site Wine Searcher que ce vin d&rsquo;une extr\u00eame raret\u00e9 se vend autour de 14 000 \u20ac. Rares sont ceux qui auront la chance de gouter \u00e0 cette merveille. Et il y aura un chanceux en moins apr\u00e8s ce jour de d\u00e9ception !<\/p>\n<p style=\"text-align: center;\"><strong><a href=\"https:\/\/www.comptoirdesmillesimes.com\/blog\/les-vins-les-plus-chers-du-monde\/\">\u25ba D\u00e9couvrez le classement des vins les plus chers du monde sur le blog ! \u25c4<\/a><\/strong><\/p>\n<p>&nbsp;<\/p>\n<p>&nbsp;<\/p>\n","protected":false},"excerpt":{"rendered":"<p>Aimez-vous les sorbets ? Aujourd&rsquo;hui nous en avons trouv\u00e9 un d&rsquo;une valeur peu commune. En effet, cette bouteille de Roman\u00e9e-Conti a \u00e9t\u00e9 retrouv\u00e9e gel\u00e9e \u00e0 la suite d&rsquo;un export vers la Chine. &nbsp; Comment la bouteille de Roman\u00e9e Conti s&rsquo;est-elle retrouv\u00e9e gel\u00e9e ? La soci\u00e9t\u00e9 de livraison aurait rencontr\u00e9e quelques soucis dans le processus d&rsquo;envoi.&hellip;<\/p>\n","protected":false},"author":14,"featured_media":2991,"comment_status":"open","ping_status":"open","sticky":false,"template":"","format":"standard","meta":{"_jetpack_memberships_contains_paid_content":false,"footnotes":""},"categories":[13,11],"tags":[],"class_list":["post-2983","post","type-post","status-publish","format-standard","has-post-thumbnail","hentry","category-le-saviez-vous","category-marche-du-vin"],"gutentor_comment":1,"jetpack_featured_media_url":"https:\/\/www.comptoirdesmillesimes.com\/blog\/wp-content\/uploads\/2018\/02\/roman\u00e9e-conti-gel\u00e9e.jpg","jetpack_sharing_enabled":true,"_links":{"self":[{"href":"https:\/\/www.comptoirdesmillesimes.com\/blog\/wp-json\/wp\/v2\/posts\/2983","targetHints":{"allow":["GET"]}}],"collection":[{"href":"https:\/\/www.comptoirdesmillesimes.com\/blog\/wp-json\/wp\/v2\/posts"}],"about":[{"href":"https:\/\/www.comptoirdesmillesimes.com\/blog\/wp-json\/wp\/v2\/types\/post"}],"author":[{"embeddable":true,"href":"https:\/\/www.comptoirdesmillesimes.com\/blog\/wp-json\/wp\/v2\/users\/14"}],"replies":[{"embeddable":true,"href":"https:\/\/www.comptoirdesmillesimes.com\/blog\/wp-json\/wp\/v2\/comments?post=2983"}],"version-history":[{"count":1,"href":"https:\/\/www.comptoirdesmillesimes.com\/blog\/wp-json\/wp\/v2\/posts\/2983\/revisions"}],"predecessor-version":[{"id":2985,"href":"https:\/\/www.comptoirdesmillesimes.com\/blog\/wp-json\/wp\/v2\/posts\/2983\/revisions\/2985"}],"wp:featuredmedia":[{"embeddable":true,"href":"https:\/\/www.comptoirdesmillesimes.com\/blog\/wp-json\/wp\/v2\/media\/2991"}],"wp:attachment":[{"href":"https:\/\/www.comptoirdesmillesimes.com\/blog\/wp-json\/wp\/v2\/media?parent=2983"}],"wp:term":[{"taxonomy":"category","embeddable":true,"href":"https:\/\/www.comptoirdesmillesimes.com\/blog\/wp-json\/wp\/v2\/categories?post=2983"},{"taxonomy":"post_tag","embeddable":true,"href":"https:\/\/www.comptoirdesmillesimes.com\/blog\/wp-json\/wp\/v2\/tags?post=2983"}],"curies":[{"name":"wp","href":"https:\/\/api.w.org\/{rel}","templated":true}]}}