{"id":3880,"date":"2019-02-20T10:31:52","date_gmt":"2019-02-20T09:31:52","guid":{"rendered":"https:\/\/www.comptoirdesmillesimes.com\/blog\/?p=3880"},"modified":"2019-02-20T16:17:47","modified_gmt":"2019-02-20T15:17:47","slug":"karl-lagerfeld-etiquette-vin","status":"publish","type":"post","link":"https:\/\/www.comptoirdesmillesimes.com\/blog\/karl-lagerfeld-etiquette-vin\/","title":{"rendered":"Karl Lagerfeld a cr\u00e9\u00e9 une \u00e9tiquette pour le Ch\u00e2teau Rauzan-S\u00e9gla"},"content":{"rendered":"<h2 style=\"text-align: center;\">Karl Lagerfeld dans l&rsquo;univers du vin : Le saviez-vous ?<\/h2>\n<p><strong>Karl Lagerfeld<\/strong>, le c\u00e9l\u00e8bre couturier r\u00e9cemment disparu ne consommait pas d&rsquo;alcool dans son quotidien. Il avait en revanche un avis diff\u00e9rent concernant la d\u00e9gustation de vin. Celui-ci fut m\u00eame le cr\u00e9ateur d&rsquo;une \u00e9tiquette de <a href=\"https:\/\/www.comptoirdesmillesimes.com\/chateau-rauzan-segla\/chateau-rauzan-segla-2009.html\">Ch\u00e2teau Rauzan-S\u00e9gla 2009<\/a>, propri\u00e9t\u00e9 de la <strong>maison Chanel<\/strong>. Cette approche en tant que directeur artistique a \u00e9galement eu lieu pour la <a href=\"https:\/\/www.comptoirdesmillesimes.com\/dom-perignon\">maison de Champagne Dom P\u00e9rignon<\/a> avec un c\u00e9l\u00e8bre coffret design.<\/p>\n<p><img loading=\"lazy\" decoding=\"async\" class=\"aligncenter size-full wp-image-3882\" src=\"https:\/\/www.comptoirdesmillesimes.com\/blog\/wp-content\/uploads\/2019\/02\/karl-lagerfeld-dom-perignon.jpg\" alt=\"karl lagerfeld dom perignon coffret\" width=\"596\" height=\"308\" srcset=\"https:\/\/www.comptoirdesmillesimes.com\/blog\/wp-content\/uploads\/2019\/02\/karl-lagerfeld-dom-perignon.jpg 596w, https:\/\/www.comptoirdesmillesimes.com\/blog\/wp-content\/uploads\/2019\/02\/karl-lagerfeld-dom-perignon-300x155.jpg 300w\" sizes=\"auto, (max-width: 596px) 100vw, 596px\" \/><\/p>\n<p>Chanel est bien s\u00fbr l\u2019une des maisons de mode les plus l\u00e9gendaires du monde. Mais saviez-vous qu&rsquo;ils poss\u00e8dent \u00e9galement un vignoble c\u00e9l\u00e8bre ? Fond\u00e9 en 1661 par Pierre de Rauzan, le Ch\u00e2teau Rauzan-S\u00e9gla, situ\u00e9 au c\u0153ur de l&rsquo;appellation Margaux de la r\u00e9gion de Bordeaux, en France, a \u00e9t\u00e9 acquis par Chanel en 1994.<\/p>\n<p>Avec une position unique dans l&rsquo;univers des produits de luxe et son ind\u00e9pendance soci\u00e9t\u00e9, Chanel \u00abs\u2019efforce d\u2019exalter les qualit\u00e9s uniques et pr\u00e9cieuses de ce grand vignoble avec le plus grand soin et le plus grand respect pour ses vignes.\u00bb Pour c\u00e9l\u00e9brer le 350e anniversaire de l\u2019\u00e9tablissement, l<strong>e designer Chanel<\/strong> <strong>Karl Lagerfeld<\/strong> a cr\u00e9\u00e9 une \u00e9tiquette sp\u00e9ciale.<\/p>\n<p>&nbsp;<\/p>\n<h2 style=\"text-align: center;\">L&rsquo;\u00e9tiquette du Ch\u00e2teau Rauzan S\u00e9gla par Karl Lagerfeld<\/h2>\n<p><img loading=\"lazy\" decoding=\"async\" class=\"aligncenter wp-image-3883\" src=\"https:\/\/www.comptoirdesmillesimes.com\/blog\/wp-content\/uploads\/2019\/02\/karl-lagerfeld-rauzan-segla-2009.jpg\" alt=\"karl lagerfeld rauzan segla 2009\" width=\"400\" height=\"362\" srcset=\"https:\/\/www.comptoirdesmillesimes.com\/blog\/wp-content\/uploads\/2019\/02\/karl-lagerfeld-rauzan-segla-2009.jpg 927w, https:\/\/www.comptoirdesmillesimes.com\/blog\/wp-content\/uploads\/2019\/02\/karl-lagerfeld-rauzan-segla-2009-300x271.jpg 300w, https:\/\/www.comptoirdesmillesimes.com\/blog\/wp-content\/uploads\/2019\/02\/karl-lagerfeld-rauzan-segla-2009-768x694.jpg 768w\" sizes=\"auto, (max-width: 400px) 100vw, 400px\" \/><\/p>\n<p>La marque Lagerfeld orne le nouveau mill\u00e9sime 2009, r\u00e9put\u00e9 pour \u00abson bouquet d&rsquo;une richesse incomparable, ses tanins soyeux et intenses et son go\u00fbt \u00e9l\u00e9gant\u00bb qui caract\u00e9risent tous les vins du Grand Cru Class\u00e9 de <a href=\"https:\/\/www.comptoirdesmillesimes.com\/chateau-rauzan-segla\">Ch\u00e2teau Rauzan-S\u00e9gla<\/a>. Depuis l&rsquo;acquisition, Chanel a \u00e9t\u00e9 cr\u00e9dit\u00e9 d&rsquo;une am\u00e9lioration constante du pr\u00e9cieux \u00e9lixir \u00e0 \u00e9tages.<\/p>\n<p>Pour la mise en bouteille sp\u00e9ciale, Lagerfeld a r\u00e9alis\u00e9 un dessin du Ch\u00e2teau Rauzan-S\u00e9gla lui-m\u00eame dans son style inimitable, qui porte bien s\u00fbr sa signature.<\/p>\n","protected":false},"excerpt":{"rendered":"<p>Karl Lagerfeld dans l&rsquo;univers du vin : Le saviez-vous ? Karl Lagerfeld, le c\u00e9l\u00e8bre couturier r\u00e9cemment disparu ne consommait pas d&rsquo;alcool dans son quotidien. Il avait en revanche un avis diff\u00e9rent concernant la d\u00e9gustation de vin. Celui-ci fut m\u00eame le cr\u00e9ateur d&rsquo;une \u00e9tiquette de Ch\u00e2teau Rauzan-S\u00e9gla 2009, propri\u00e9t\u00e9 de la maison Chanel. Cette approche en&hellip;<\/p>\n","protected":false},"author":14,"featured_media":3881,"comment_status":"open","ping_status":"open","sticky":false,"template":"","format":"standard","meta":{"_jetpack_memberships_contains_paid_content":false,"footnotes":""},"categories":[11,17],"tags":[],"class_list":["post-3880","post","type-post","status-publish","format-standard","has-post-thumbnail","hentry","category-marche-du-vin","category-grands-vins-de-bordeaux"],"gutentor_comment":0,"jetpack_featured_media_url":"https:\/\/www.comptoirdesmillesimes.com\/blog\/wp-content\/uploads\/2019\/02\/karl-lagerfeld-creation-etiquette-vin.png","jetpack_sharing_enabled":true,"_links":{"self":[{"href":"https:\/\/www.comptoirdesmillesimes.com\/blog\/wp-json\/wp\/v2\/posts\/3880","targetHints":{"allow":["GET"]}}],"collection":[{"href":"https:\/\/www.comptoirdesmillesimes.com\/blog\/wp-json\/wp\/v2\/posts"}],"about":[{"href":"https:\/\/www.comptoirdesmillesimes.com\/blog\/wp-json\/wp\/v2\/types\/post"}],"author":[{"embeddable":true,"href":"https:\/\/www.comptoirdesmillesimes.com\/blog\/wp-json\/wp\/v2\/users\/14"}],"replies":[{"embeddable":true,"href":"https:\/\/www.comptoirdesmillesimes.com\/blog\/wp-json\/wp\/v2\/comments?post=3880"}],"version-history":[{"count":5,"href":"https:\/\/www.comptoirdesmillesimes.com\/blog\/wp-json\/wp\/v2\/posts\/3880\/revisions"}],"predecessor-version":[{"id":3894,"href":"https:\/\/www.comptoirdesmillesimes.com\/blog\/wp-json\/wp\/v2\/posts\/3880\/revisions\/3894"}],"wp:featuredmedia":[{"embeddable":true,"href":"https:\/\/www.comptoirdesmillesimes.com\/blog\/wp-json\/wp\/v2\/media\/3881"}],"wp:attachment":[{"href":"https:\/\/www.comptoirdesmillesimes.com\/blog\/wp-json\/wp\/v2\/media?parent=3880"}],"wp:term":[{"taxonomy":"category","embeddable":true,"href":"https:\/\/www.comptoirdesmillesimes.com\/blog\/wp-json\/wp\/v2\/categories?post=3880"},{"taxonomy":"post_tag","embeddable":true,"href":"https:\/\/www.comptoirdesmillesimes.com\/blog\/wp-json\/wp\/v2\/tags?post=3880"}],"curies":[{"name":"wp","href":"https:\/\/api.w.org\/{rel}","templated":true}]}}