{"id":5115,"date":"2020-01-30T15:08:02","date_gmt":"2020-01-30T14:08:02","guid":{"rendered":"https:\/\/www.comptoirdesmillesimes.com\/blog\/?p=5115"},"modified":"2020-02-06T10:10:01","modified_gmt":"2020-02-06T09:10:01","slug":"projet-de-changement-de-laoc-bourgogne-chablis-menace","status":"publish","type":"post","link":"https:\/\/www.comptoirdesmillesimes.com\/blog\/projet-de-changement-de-laoc-bourgogne-chablis-menace\/","title":{"rendered":"Projet de Changement de l&rsquo;AOC Bourgogne: Chablis menac\u00e9."},"content":{"rendered":"<p style=\"text-align: justify;\">C&rsquo;est la panique en <a href=\"https:\/\/www.comptoirdesmillesimes.com\/bourgogne\">Bourgogne<\/a>, l&rsquo;Institut national des Appellations d&rsquo;Origine (INAO) r\u00e9fl\u00e9chie \u00e0 un projet de red\u00e9finition du <strong>vignoble de Bourgogne<\/strong> qui exclurait pas moins de 64 communes de l&rsquo;AOC Bourgogne dont la majorit\u00e9 de <a href=\"https:\/\/www.comptoirdesmillesimes.com\/chablis\">Chablis<\/a>. De l&rsquo;autre cot\u00e9, des communes du <a href=\"https:\/\/www.comptoirdesmillesimes.com\/beaujolais\">Beaujolais<\/a>, jusqu&rsquo;alors situ\u00e9es dans le <a href=\"https:\/\/www.comptoirdesmillesimes.com\/rhone\">Rh\u00f4ne<\/a>, pourraient produire sous AOC Bourgogne. Les vignerons sont en col\u00e8re face \u00e0 ce chamboule tout.<\/p>\n<p>&nbsp;<\/p>\n<h2 style=\"text-align: justify;\">64 communes bourguignonnes menac\u00e9es<\/h2>\n<p style=\"text-align: justify;\">Le projet de l&rsquo;INAO pr\u00e9voit de sortir 64 villages de l&rsquo;AOC Bourgogne dont 30 communes se situent en C\u00f4te-d&rsquo;Or, 12 en Sa\u00f4ne-et-Loire (M\u00e2connais), 22 dans l&rsquo;Yonne &#8211; dont 16 dans le <a href=\"https:\/\/www.comptoirdesmillesimes.com\/chablis\">Chablis<\/a>. Seule la commune chablaisienne de Pr\u00e9hy n&rsquo;est pas concern\u00e9e.<\/p>\n<p style=\"text-align: justify;\">D\u00e9couvrez en d\u00e9tail les communes concern\u00e9es ou non par ce projet de l&rsquo;INAO sur cette carte :<\/p>\n<p>&nbsp;<\/p>\n<p style=\"text-align: justify;\"><img loading=\"lazy\" decoding=\"async\" class=\"aligncenter wp-image-5116 size-full\" src=\"https:\/\/www.comptoirdesmillesimes.com\/blog\/wp-content\/uploads\/2020\/01\/carte-INAO-projet-bourgogne-chablis.jpg\" alt=\"carte projet inao bourgogne\" width=\"860\" height=\"1308\" srcset=\"https:\/\/www.comptoirdesmillesimes.com\/blog\/wp-content\/uploads\/2020\/01\/carte-INAO-projet-bourgogne-chablis.jpg 860w, https:\/\/www.comptoirdesmillesimes.com\/blog\/wp-content\/uploads\/2020\/01\/carte-INAO-projet-bourgogne-chablis-263x400.jpg 263w, https:\/\/www.comptoirdesmillesimes.com\/blog\/wp-content\/uploads\/2020\/01\/carte-INAO-projet-bourgogne-chablis-316x480.jpg 316w, https:\/\/www.comptoirdesmillesimes.com\/blog\/wp-content\/uploads\/2020\/01\/carte-INAO-projet-bourgogne-chablis-768x1168.jpg 768w\" sizes=\"auto, (max-width: 860px) 100vw, 860px\" \/><\/p>\n<h2><\/h2>\n<p>&nbsp;<\/p>\n<h2 style=\"text-align: justify;\">Une potentielle perte \u00e9conomique importante pour les vignerons de Chablis<\/h2>\n<p style=\"text-align: justify;\">Si ce projet arrive \u00e0 son terme, ce qui ne semble pas pour demain au vu de la contestation et du fait que cela fait 63 ans que ce projet \u00e9tait en \u00ab\u00a0pause\u00a0\u00bb, les producteurs qui perdraient le droit de produire sous l&rsquo;appellation <a href=\"https:\/\/www.comptoirdesmillesimes.com\/bourgogne\">Bourgogne<\/a>, verraient, potentiellement, le prix de leur parcelle devis\u00e9 par 3 et donc de leur production. En effet, le prix du foncier tient \u00e0 l&rsquo;appartenance ou non \u00e0 l&rsquo;AOC Bourgogne.<\/p>\n<p style=\"text-align: justify;\">A l&rsquo;inverse, le projet pr\u00e9voit \u00e9galement que la moiti\u00e9 des vignerons du Beaujolais passeraient en AOC Bourgogne. Le Beaujolais en Bourgogne ? Cela est difficilement explicable aux vignerons de Chablis et de Bourgogne qui sont vent debout ce projet. A suivre&#8230;<\/p>\n<p>&nbsp;<\/p>\n","protected":false},"excerpt":{"rendered":"<p>C&rsquo;est la panique en Bourgogne, l&rsquo;Institut national des Appellations d&rsquo;Origine (INAO) r\u00e9fl\u00e9chie \u00e0 un projet de red\u00e9finition du vignoble de Bourgogne qui exclurait pas moins de 64 communes de l&rsquo;AOC Bourgogne dont la majorit\u00e9 de Chablis. De l&rsquo;autre cot\u00e9, des communes du Beaujolais, jusqu&rsquo;alors situ\u00e9es dans le Rh\u00f4ne, pourraient produire sous AOC Bourgogne. Les vignerons&hellip;<\/p>\n","protected":false},"author":1,"featured_media":5140,"comment_status":"open","ping_status":"open","sticky":false,"template":"","format":"standard","meta":{"_jetpack_memberships_contains_paid_content":false,"footnotes":""},"categories":[11,23],"tags":[],"class_list":["post-5115","post","type-post","status-publish","format-standard","has-post-thumbnail","hentry","category-marche-du-vin","category-bourgogne"],"gutentor_comment":0,"jetpack_featured_media_url":"https:\/\/www.comptoirdesmillesimes.com\/blog\/wp-content\/uploads\/2020\/01\/vigne-chablis-menac\u00e9e.png","jetpack_sharing_enabled":true,"_links":{"self":[{"href":"https:\/\/www.comptoirdesmillesimes.com\/blog\/wp-json\/wp\/v2\/posts\/5115","targetHints":{"allow":["GET"]}}],"collection":[{"href":"https:\/\/www.comptoirdesmillesimes.com\/blog\/wp-json\/wp\/v2\/posts"}],"about":[{"href":"https:\/\/www.comptoirdesmillesimes.com\/blog\/wp-json\/wp\/v2\/types\/post"}],"author":[{"embeddable":true,"href":"https:\/\/www.comptoirdesmillesimes.com\/blog\/wp-json\/wp\/v2\/users\/1"}],"replies":[{"embeddable":true,"href":"https:\/\/www.comptoirdesmillesimes.com\/blog\/wp-json\/wp\/v2\/comments?post=5115"}],"version-history":[{"count":4,"href":"https:\/\/www.comptoirdesmillesimes.com\/blog\/wp-json\/wp\/v2\/posts\/5115\/revisions"}],"predecessor-version":[{"id":5130,"href":"https:\/\/www.comptoirdesmillesimes.com\/blog\/wp-json\/wp\/v2\/posts\/5115\/revisions\/5130"}],"wp:featuredmedia":[{"embeddable":true,"href":"https:\/\/www.comptoirdesmillesimes.com\/blog\/wp-json\/wp\/v2\/media\/5140"}],"wp:attachment":[{"href":"https:\/\/www.comptoirdesmillesimes.com\/blog\/wp-json\/wp\/v2\/media?parent=5115"}],"wp:term":[{"taxonomy":"category","embeddable":true,"href":"https:\/\/www.comptoirdesmillesimes.com\/blog\/wp-json\/wp\/v2\/categories?post=5115"},{"taxonomy":"post_tag","embeddable":true,"href":"https:\/\/www.comptoirdesmillesimes.com\/blog\/wp-json\/wp\/v2\/tags?post=5115"}],"curies":[{"name":"wp","href":"https:\/\/api.w.org\/{rel}","templated":true}]}}