{"id":5761,"date":"2020-11-24T11:59:58","date_gmt":"2020-11-24T10:59:58","guid":{"rendered":"https:\/\/www.comptoirdesmillesimes.com\/blog\/?p=5761"},"modified":"2020-11-24T16:02:35","modified_gmt":"2020-11-24T15:02:35","slug":"investir-vin-cote-rotie","status":"publish","type":"post","link":"https:\/\/www.comptoirdesmillesimes.com\/blog\/investir-vin-cote-rotie\/","title":{"rendered":"Quels vins de C\u00f4te-R\u00f4tie pour investir ?"},"content":{"rendered":"<p lang=\"fr-FR\" align=\"CENTER\"><span style=\"color: #000000;\"><span style=\"font-family: Times New Roman, serif;\"><span style=\"font-size: xx-large;\">COMMENT INVESTIR DANS LE VIN\u00a0?<\/span><\/span><\/span><\/p>\n<p lang=\"fr-FR\" align=\"CENTER\"><span style=\"color: #000000;\"><span style=\"font-family: Times New Roman, serif;\"><span style=\"font-size: large;\">Ou plut\u00f4t, dans quels vins investir\u00a0?<\/span><\/span><\/span><\/p>\n<p lang=\"fr-FR\" align=\"CENTER\"><span style=\"color: #000000;\"><span style=\"font-family: Times New Roman, serif;\"><span style=\"font-size: medium;\"><i>Nous avons choisi d\u2019utiliser le mot investissement, pas pour vous conseiller d\u2019acheter telle bouteille afin de faire une plus-value d\u2019ici quelques ann\u00e9es mais plut\u00f4t d\u2019investir sur certaines appellations ou domaines qui seront plus difficiles de se payer d\u2019ici quelques ann\u00e9es.<\/i><\/span><\/span><\/span><\/p>\n<h2 lang=\"fr-FR\" style=\"text-align: center;\"><span style=\"color: #000000;\"><span style=\"font-family: Times New Roman, serif;\"><span style=\"font-size: medium;\"><b>Quels vins de C\u00f4te-R\u00f4tie ?\u00a0<\/b><\/span><\/span><\/span><\/h2>\n<p lang=\"fr-FR\"><span style=\"color: #000000;\"><span style=\"font-family: Times New Roman, serif;\"><span style=\"font-size: medium;\">Pour ce deuxi\u00e8me focus sur la Vall\u00e9e-du-Rh\u00f4ne, nous avons d\u00e9cid\u00e9 de vous parler de l&rsquo;appellation <\/span><\/span><\/span><span style=\"color: #000000;\"><span style=\"font-family: Times New Roman, serif;\"><span style=\"font-size: medium;\"><span lang=\"fr-FR\"><b><a href=\"https:\/\/www.comptoirdesmillesimes.com\/cote-rotie\">C\u00f4te-R\u00f4tie<\/a>. <\/b><\/span><span lang=\"fr-FR\">Bien que la r\u00e9putation de l&rsquo;AOC n&rsquo;est plus \u00e0 faire, il s&rsquo;agit pour nous de l\u00a0\u00bbune des appellations les plus sous-cot\u00e9es dans le monde du vin. Elle fait partie des petites appellations, car elle ne d\u00e9passe pas les 320 hectares de production, que se partage la centaine de vignerons. <\/span><\/span><\/span><\/span><span style=\"color: #000000;\"><span style=\"font-family: Times New Roman, serif;\"><span style=\"font-size: medium;\">60 domaines produisent des vins de l&rsquo;appellation dont 73 lieux-dits sont class\u00e9s. <\/span><\/span><\/span><span style=\"color: #000000;\"><span style=\"font-family: Times New Roman, serif;\"><span style=\"font-size: medium;\">L&rsquo;appellation ne produit que des vins rouges, dont le seul c\u00e9page rouge autoris\u00e9 est la Syrah. <\/span><\/span><\/span><span style=\"color: #000000;\"><span style=\"font-family: Times New Roman, serif;\"><span style=\"font-size: medium;\">Celle-ci peut adoucir \u00e0 hauteur de 20% avec du Viognier, c\u00e9page blanc pr\u00e9sent dans le Condrieu. <\/span><\/span><\/span><span style=\"color: #000000;\"><span style=\"font-family: Times New Roman, serif;\"><span style=\"font-size: medium;\">Une grande partie du caract\u00e8re de ces flacons r\u00e9side dans leur terroir. Au Nord, les sols sont de la roche brune Micaschiste qui donne des vins puissants, alors qu&rsquo;au Sud les roches Migmatites issues de roche m\u00e8re de Gneiss sont de couleur blonde et donnent des vins plus \u00e9l\u00e9gants. <\/span><\/span><\/span><span style=\"color: #000000;\"><span style=\"font-family: Times New Roman, serif;\"><span style=\"font-size: medium;\">En r\u00e8gle g\u00e9n\u00e9rale, les vins sont puissants, \u00e9pic\u00e9s et tr\u00e8s complexes. <\/span><\/span><\/span><span style=\"color: #000000;\"><span style=\"font-family: Times New Roman, serif;\"><span style=\"font-size: medium;\">Sur cette appellation, plusieurs vignerons tirent d\u00e9j\u00e0 leur \u00e9pingle du jeu, tels qu&rsquo;Yves Cuilleron, Pierre Gaillard ou encore Yves Gangloff entre autres, mais nous voulions vous parler de deux domaines qui m\u00e9ritent que l&rsquo;on s&rsquo;y arr\u00eate.<\/span><\/span><\/span><\/p>\n<blockquote>\n<p lang=\"fr-FR\"><a href=\"https:\/\/www.comptoirdesmillesimes.com\/cote-rotie\"><strong>&gt; Grands Vins de C\u00f4te-R\u00f4tie en stock<\/strong><\/a><\/p>\n<\/blockquote>\n<h3 lang=\"fr-FR\"><a href=\"https:\/\/www.comptoirdesmillesimes.com\/cote-rotie\"><img loading=\"lazy\" decoding=\"async\" class=\"aligncenter size-full wp-image-5769\" src=\"https:\/\/www.comptoirdesmillesimes.com\/blog\/wp-content\/uploads\/2020\/11\/vin-de-cote-rotie-a-decouvrir.jpg\" alt=\"domaines montants de cote rotie\" width=\"600\" height=\"321\" \/><\/a><\/h3>\n<h3 lang=\"fr-FR\" style=\"text-align: center;\"><span style=\"color: #000000;\"><span style=\"font-family: Times New Roman, serif;\"><span style=\"font-size: medium;\"><b>LE DOMAINE DUCLAUX<\/b><\/span><\/span><\/span><\/h3>\n<p lang=\"fr-FR\"><span style=\"color: #000000;\"><span style=\"font-family: Times New Roman, serif;\"><span style=\"font-size: medium;\">David &amp; Benjamin sont deux fr\u00e8res qui travaillent leurs vignes dans le plus grand respect.\u00a0<\/span><\/span><\/span><span style=\"color: #000000;\"><span style=\"font-family: Times New Roman, serif;\"><span style=\"font-size: medium;\">H\u00e9ritier du domaine familial cr\u00e9\u00e9 en 1928 par leur arri\u00e8re-grand-p\u00e8re, il b\u00e9n\u00e9ficie de 5,8 hectares de vignes situ\u00e9s sur les coteaux de Tupons et Semons, au sud de l&rsquo;appellation.\u00a0<\/span><\/span><\/span><span style=\"color: #000000;\"><span style=\"font-family: Times New Roman, serif;\"><span style=\"font-size: medium;\">Ils ne sont pas adeptes des gros \u00e9levages, mais plut\u00f4t de la production de vins fins, \u00e9l\u00e9gants et profitant des sols de Gneiss, qui apportent toute la complexit\u00e9 et la d\u00e9licatesse requise. <\/span><\/span><\/span><\/p>\n<p lang=\"fr-FR\"><span style=\"color: #000000;\"><span style=\"font-family: Times New Roman, serif;\"><span style=\"font-size: medium;\">Le domaine produit 3 C\u00f4te-R\u00f4tie\u00a0:<\/span><\/span><\/span><\/p>\n<ul>\n<li lang=\"en-GB\"><span style=\"color: #000000;\"><span style=\"font-family: Times New Roman, serif;\"><span style=\"font-size: medium;\"><span lang=\"fr-FR\"><b>Maison Rouge,<\/b><\/span><span lang=\"fr-FR\"> \u00e9tant la cuv\u00e9e phare du domaine, sur leurs plus beaux terroirs. Une cuv\u00e9e 100% Syrah profitant d&rsquo;un \u00e9levage de 20 mois en demi-muids. \u00c9l\u00e9gant, fin et tannins fondus, cette <\/span><\/span><\/span><\/span><span style=\"color: #000000;\"><span style=\"font-family: Times New Roman, serif;\"><span style=\"font-size: medium;\">C\u00f4te-R\u00f4tie va vous surprendre par sa puissance et sa richesse.<\/span><\/span><\/span><\/li>\n<li lang=\"en-GB\"><span style=\"color: #000000;\"><span style=\"font-family: Times New Roman, serif;\"><span style=\"font-size: medium;\"><span lang=\"fr-FR\"><b>La Germine<\/b><\/span><span lang=\"fr-FR\">, profite quant \u00e0 elle d&rsquo;un assemblage avec 5% de Viognier. \u00c9tant sur des sols moins riches, elle offre un vin plus fruit\u00e9 et gourmand.<\/span><\/span><\/span><\/span><\/li>\n<li lang=\"en-GB\"><span style=\"color: #000000;\"><span style=\"font-family: Times New Roman, serif;\"><span style=\"font-size: medium;\"><span lang=\"fr-FR\"><b>La Chana<\/b><\/span><span lang=\"fr-FR\"> fait partie des C\u00f4te-R\u00f4tie plus florales, profitant d&rsquo;une grande pr\u00e9sence de Viognier, qui apporte toute sa douceur et ses notes de fleurs et de fruits blancs.<\/span><\/span><\/span><\/span><\/li>\n<\/ul>\n<p lang=\"fr-FR\" align=\"CENTER\"><em><span style=\"color: #000000;\"><span style=\"font-family: Times New Roman, serif;\"><span style=\"font-size: medium;\">Nous vous invitons \u00e0 d\u00e9couvrir ce domaine tr\u00e8s rapidement car la production tr\u00e8s confidentielle de ces trois cuv\u00e9es, surtout de la cuv\u00e9e Maison Rouge, dispara\u00eet tr\u00e8s vite.<\/span><\/span><\/span><\/em><\/p>\n<blockquote>\n<p lang=\"fr-FR\" style=\"text-align: left;\" align=\"CENTER\"><strong><a href=\"https:\/\/www.comptoirdesmillesimes.com\/gilles-barge\">&gt; Commandez les vins du Domaine Duclaux<\/a><\/strong><\/p>\n<\/blockquote>\n<p lang=\"fr-FR\" style=\"text-align: center;\"><a href=\"https:\/\/www.comptoirdesmillesimes.com\/gilles-barge\"><span style=\"color: #000000;\"><span style=\"font-family: Times New Roman, serif;\"><span style=\"font-size: medium;\"><b>LE DOMAINE BARGE<\/b><\/span><\/span><\/span><\/a><\/p>\n<p lang=\"fr-FR\"><span style=\"color: #000000;\"><span style=\"font-family: Times New Roman, serif;\"><span style=\"font-size: medium;\">Second domaine que nous voulions vous faire d\u00e9couvrir sur l&rsquo;appellation C\u00f4te-R\u00f4tie, install\u00e9 sur la commune d&rsquo;Ampuis, le domaine Barge.\u00a0<\/span><\/span><\/span><span style=\"color: #000000;\"><span style=\"font-family: Times New Roman, serif;\"><span style=\"font-size: medium;\">Domaine tr\u00e8s confidentiel qui appartient \u00e0 la famille Barge depuis 1860, les g\u00e9n\u00e9rations se succ\u00e8dent pour laisser place \u00e0 Julien Barge \u00e0 qui est confi\u00e9e l&rsquo;exploitation depuis 2019.\u00a0<\/span><\/span><\/span><span style=\"color: #000000;\"><span style=\"font-family: Times New Roman, serif;\"><span style=\"font-size: medium;\">La propri\u00e9t\u00e9 poss\u00e8de 5,7 hectares de vignes sur l&rsquo;appellation C\u00f4te-R\u00f4tie dont certaines vignes sont plant\u00e9es depuis 1947. <\/span><\/span><\/span><span style=\"color: #000000;\"><span style=\"font-family: Times New Roman, serif;\"><span style=\"font-size: medium;\">Plus denses et plus puissantes, les cuv\u00e9es du domaine se distinguent par leur richesse aromatique tout en proposant des tannins soyeux apr\u00e8s quelques ann\u00e9es. Le domaine produit 2 vins sur l&rsquo;appellation.<\/span><\/span><\/span><\/p>\n<ul>\n<li lang=\"fr-FR\"><span style=\"color: #000000;\"><span style=\"font-family: Times New Roman, serif;\"><span style=\"font-size: medium;\"><b>La C\u00f4te Blonde<\/b>, il s&rsquo;agit d&rsquo;une petite parcelle de moins d&rsquo;un hectare dont certaines vignes fut plant\u00e9es entre 1947 et 1952 et qui est men\u00e9e \u00e0 100% en agriculture biologique.<\/span><\/span><\/span><\/li>\n<li lang=\"fr-FR\"><span style=\"color: #000000;\"><span style=\"font-family: Times New Roman, serif;\"><span style=\"font-size: medium;\">Un vieillissement de 28 mois en demi-muids est effectu\u00e9, et il faudra attendre entre 10 et 15 ans avant de profiter de ce doux breuvage aux notes de fruits rouges et de fruits confits.<\/span><\/span><\/span><\/li>\n<li lang=\"fr-FR\"><span style=\"color: #000000;\"><span style=\"font-family: Times New Roman, serif;\"><span style=\"font-size: medium;\"><b>Le Combard<\/b> est la plus ancienne propri\u00e9t\u00e9 de la famille, car un long travail de plantation fut amorc\u00e9 durant la premi\u00e8re guerre mondiale.<\/span><\/span><\/span><\/li>\n<\/ul>\n<p lang=\"fr-FR\"><span style=\"color: #000000;\"><span style=\"font-family: Times New Roman, serif;\"><span style=\"font-size: medium;\">C&rsquo;est aujourd&rsquo;hui 3 hectares que le domaine Barge m\u00e8ne \u00e0 50% en agriculture biologique et 50% en agriculture raisonn\u00e9e. Ce qui fait la particularit\u00e9 de ce terroir, c&rsquo;est son sol unique ayant au c\u0153ur du coteau une chemin\u00e9e volcanique qui apporte de la puissance et une capacit\u00e9 de vieillissement remarquables. <\/span><\/span><\/span><span style=\"color: #000000;\"><span style=\"font-family: Times New Roman, serif;\"><span style=\"font-size: medium;\">Si toutefois, vous \u00eates impatient de d\u00e9guster une cuv\u00e9e du domaine, ouvrez en premier lieu la cuv\u00e9e le Combard, qui offre sur sa jeunesse un nez et une bouche plus expressifs.<\/span><\/span><\/span><\/p>\n<p lang=\"fr-FR\" align=\"CENTER\"><span style=\"color: #000000;\"><span style=\"font-family: Times New Roman, serif;\"><span style=\"font-size: medium;\"><i>Les deux cuv\u00e9es du domaine sont int\u00e9ressantes. La premi\u00e8re pour la vieillesse de ses vignes et leur finesse, la seconde par le potentiel non exploit\u00e9 de ses sols, qu&rsquo;il faudra sans nul doute encore travailler.<\/i><\/span><\/span><\/span><\/p>\n<blockquote>\n<p lang=\"fr-FR\" style=\"text-align: left;\" align=\"CENTER\"><strong><a href=\"https:\/\/www.comptoirdesmillesimes.com\/gilles-barge\">&gt; Commandez les vins du Domaine Gilles Barge<\/a><\/strong><\/p>\n<\/blockquote>\n<h2 lang=\"fr-FR\" align=\"CENTER\">Quelques exemples de Grands Domaines de C\u00f4te-R\u00f4tie :<\/h2>\n<blockquote>\n<p lang=\"fr-FR\" align=\"CENTER\"><a href=\"https:\/\/www.comptoirdesmillesimes.com\/guigal\">Domaine E. Guigal<\/a><\/p>\n<\/blockquote>\n<p lang=\"fr-FR\" align=\"CENTER\"><a href=\"https:\/\/www.comptoirdesmillesimes.com\/stephane-ogier\">St\u00e9phane Ogier<\/a><\/p>\n<p lang=\"fr-FR\" align=\"CENTER\"><a href=\"https:\/\/www.comptoirdesmillesimes.com\/yves-cuilleron\"> Yves Cuilleron <\/a><\/p>\n<p lang=\"fr-FR\" align=\"CENTER\"><a href=\"https:\/\/www.comptoirdesmillesimes.com\/rostaing\"> Rostaing<\/a><\/p>\n<p lang=\"fr-FR\" align=\"CENTER\"><a href=\"https:\/\/www.comptoirdesmillesimes.com\/georges-vernay\"> Georges Vernay<\/a><\/p>\n<p lang=\"fr-FR\" align=\"CENTER\"><a href=\"https:\/\/www.comptoirdesmillesimes.com\/pierre-gaillard\">Pierre Gaillard<\/a><\/p>\n<p lang=\"fr-FR\" align=\"CENTER\"><a href=\"https:\/\/www.comptoirdesmillesimes.com\/guy-bernard\"> Guy Bernard<\/a><\/p>\n<p lang=\"fr-FR\" align=\"CENTER\"><a href=\"https:\/\/www.comptoirdesmillesimes.com\/domaine-francois-villard\">Fran\u00e7ois Villard <\/a><\/p>\n<p lang=\"fr-FR\" align=\"CENTER\"><a href=\"https:\/\/www.comptoirdesmillesimes.com\/domaine-gangloff\">Domaine Gangloff<\/a><\/p>\n<p lang=\"fr-FR\" align=\"CENTER\"><a href=\"https:\/\/www.comptoirdesmillesimes.com\/delas-freres\">Delas Fr\u00e8res<\/a><\/p>\n<p lang=\"fr-FR\" align=\"CENTER\"><a href=\"https:\/\/www.comptoirdesmillesimes.com\/domaine-jamet\">Domaine Jamet<\/a><\/p>\n<p lang=\"fr-FR\" align=\"CENTER\">\n<h3 lang=\"fr-FR\" style=\"text-align: left;\" align=\"CENTER\">D\u00e9couvrez \u00e9galement ces articles :<\/h3>\n<ul>\n<li class=\"entry-title\"><a href=\"https:\/\/www.comptoirdesmillesimes.com\/blog\/meilleurs-vins-de-trilogie-e-guigal\/\" rel=\"bookmark\">COTE ROTIE | LES PLUS BEAUX MILL\u00c9SIMES DE GUIGAL<\/a><\/li>\n<li class=\"entry-title\"><a href=\"https:\/\/www.comptoirdesmillesimes.com\/blog\/10-meilleurs-vins-cote-rotie\/\" rel=\"bookmark\">C\u00d4TE R\u00d4TIE : GUIDE &amp; CLASSEMENT MEILLEURS VINS<\/a><\/li>\n<li class=\"entry-title\"><a href=\"https:\/\/www.comptoirdesmillesimes.com\/blog\/cepages-vins-rhone\/\" rel=\"bookmark\">QUELS SONT LES C\u00c9PAGES DES VINS DU RH\u00d4NE M\u00c9RIDIONALE ET SEPTENTRIONALE ?<\/a><\/li>\n<\/ul>\n<p lang=\"fr-FR\" align=\"CENTER\"><div class=\"feedzy-82007f8b4c98b3f345b907ce0db6af25 feedzy-rss\"><ul><li  style=\"padding: 15px 0 25px\" class=\"rss_item\"><div class=\"rss_image\" style=\"height:150px;width:150px;\"><a href=\"https:\/\/www.comptoirdesmillesimes.com\/domaine-levet\/cote-rotie-amethyste-2022-domaine-levet.html\" target=\"_blank\" rel=\" noopener\" title=\"C\u00f4te R\u00f4tie Amethyste 2022 - Domaine Levet - 49,00\u00a0\u20ac\" style=\"height:150px;width:150px;\"><img decoding=\"async\" src=\"https:\/\/www.comptoirdesmillesimes.com\/73731-small_default\/cote-rotie-amethyste-2022-domaine-levet.jpg\" title=\"C\u00f4te R\u00f4tie Amethyste 2022 - Domaine Levet - 49,00\u00a0\u20ac\" style=\"height:150px;width:150px;\"><\/a><\/div><span class=\"title\"><a href=\"https:\/\/www.comptoirdesmillesimes.com\/domaine-levet\/cote-rotie-amethyste-2022-domaine-levet.html\" target=\"_blank\" rel=\" noopener\">C\u00f4te R\u00f4tie Amethyste 2022 - Domaine Levet - 49,00\u00a0\u20ac<\/a><\/span><div class=\"rss_content\" style=\"\"><\/div><\/li><li  style=\"padding: 15px 0 25px\" class=\"rss_item\"><div class=\"rss_image\" style=\"height:150px;width:150px;\"><a href=\"https:\/\/www.comptoirdesmillesimes.com\/guy-bernard\/cote-rotie-coteaux-de-bassenon-2023-guy-bernard.html\" target=\"_blank\" rel=\" noopener\" title=\"C\u00f4te-Rotie Coteaux de Bassenon 2023 - Guy Bernard - 48,00\u00a0\u20ac\" style=\"height:150px;width:150px;\"><img decoding=\"async\" src=\"https:\/\/www.comptoirdesmillesimes.com\/73113-small_default\/cote-rotie-coteaux-de-bassenon-2023-guy-bernard.jpg\" title=\"C\u00f4te-Rotie Coteaux de Bassenon 2023 - Guy Bernard - 48,00\u00a0\u20ac\" style=\"height:150px;width:150px;\"><\/a><\/div><span class=\"title\"><a href=\"https:\/\/www.comptoirdesmillesimes.com\/guy-bernard\/cote-rotie-coteaux-de-bassenon-2023-guy-bernard.html\" target=\"_blank\" rel=\" noopener\">C\u00f4te-Rotie Coteaux de Bassenon 2023 - Guy Bernard - 48,00\u00a0\u20ac<\/a><\/span><div class=\"rss_content\" style=\"\"><\/div><\/li><li  style=\"padding: 15px 0 25px\" class=\"rss_item\"><div class=\"rss_image\" style=\"height:150px;width:150px;\"><a href=\"https:\/\/www.comptoirdesmillesimes.com\/domaine-levet\/cote-rotie-la-peroline-2022-domaine-levet.html\" target=\"_blank\" rel=\" noopener\" title=\"C\u00f4te R\u00f4tie La P\u00e9roline 2022 - Domaine Levet - 74,00\u00a0\u20ac\" style=\"height:150px;width:150px;\"><img decoding=\"async\" src=\"https:\/\/www.comptoirdesmillesimes.com\/73740-small_default\/cote-rotie-la-peroline-2022-domaine-levet.jpg\" title=\"C\u00f4te R\u00f4tie La P\u00e9roline 2022 - Domaine Levet - 74,00\u00a0\u20ac\" style=\"height:150px;width:150px;\"><\/a><\/div><span class=\"title\"><a href=\"https:\/\/www.comptoirdesmillesimes.com\/domaine-levet\/cote-rotie-la-peroline-2022-domaine-levet.html\" target=\"_blank\" rel=\" noopener\">C\u00f4te R\u00f4tie La P\u00e9roline 2022 - Domaine Levet - 74,00\u00a0\u20ac<\/a><\/span><div class=\"rss_content\" style=\"\"><\/div><\/li><li  style=\"padding: 15px 0 25px\" class=\"rss_item\"><div class=\"rss_image\" style=\"height:150px;width:150px;\"><a href=\"https:\/\/www.comptoirdesmillesimes.com\/domaine-duclaux\/cote-rotie-maison-rouge-2021-duclaux.html\" target=\"_blank\" rel=\" noopener\" title=\"C\u00f4te-Rotie Maison Rouge 2021 - Duclaux - 69,00\u00a0\u20ac\" style=\"height:150px;width:150px;\"><img decoding=\"async\" src=\"https:\/\/www.comptoirdesmillesimes.com\/70829-small_default\/cote-rotie-maison-rouge-2021-duclaux.jpg\" title=\"C\u00f4te-Rotie Maison Rouge 2021 - Duclaux - 69,00\u00a0\u20ac\" style=\"height:150px;width:150px;\"><\/a><\/div><span class=\"title\"><a href=\"https:\/\/www.comptoirdesmillesimes.com\/domaine-duclaux\/cote-rotie-maison-rouge-2021-duclaux.html\" target=\"_blank\" rel=\" noopener\">C\u00f4te-Rotie Maison Rouge 2021 - Duclaux - 69,00\u00a0\u20ac<\/a><\/span><div class=\"rss_content\" style=\"\"><\/div><\/li><li  style=\"padding: 15px 0 25px\" class=\"rss_item\"><div class=\"rss_image\" style=\"height:150px;width:150px;\"><a href=\"https:\/\/www.comptoirdesmillesimes.com\/cote-rotie\/cote-rotie-2022-les-pierelles-paul-jaboulet-aine.html\" target=\"_blank\" rel=\" noopener\" title=\"C\u00f4te-Rotie 2022 Les Pierelles - Paul Jaboulet ain\u00e9 - 85,00\u00a0\u20ac\" style=\"height:150px;width:150px;\"><img decoding=\"async\" src=\"https:\/\/www.comptoirdesmillesimes.com\/72427-small_default\/cote-rotie-2022-les-pierelles-paul-jaboulet-aine.jpg\" title=\"C\u00f4te-Rotie 2022 Les Pierelles - Paul Jaboulet ain\u00e9 - 85,00\u00a0\u20ac\" style=\"height:150px;width:150px;\"><\/a><\/div><span class=\"title\"><a href=\"https:\/\/www.comptoirdesmillesimes.com\/cote-rotie\/cote-rotie-2022-les-pierelles-paul-jaboulet-aine.html\" target=\"_blank\" rel=\" noopener\">C\u00f4te-Rotie 2022 Les Pierelles - Paul Jaboulet ain\u00e9 - 85,00\u00a0\u20ac<\/a><\/span><div class=\"rss_content\" style=\"\"><\/div><\/li><\/ul> <\/div><style type=\"text\/css\" media=\"all\">.feedzy-rss .rss_item .rss_image{float:left;position:relative;border:none;text-decoration:none;max-width:100%}.feedzy-rss .rss_item .rss_image span{display:inline-block;position:absolute;width:100%;height:100%;background-position:50%;background-size:cover}.feedzy-rss .rss_item .rss_image{margin:.3em 1em 0 0;content-visibility:auto}.feedzy-rss ul{list-style:none}.feedzy-rss ul li{display:inline-block}<\/style><\/p>\n","protected":false},"excerpt":{"rendered":"<p>COMMENT INVESTIR DANS LE VIN\u00a0? Ou plut\u00f4t, dans quels vins investir\u00a0? Nous avons choisi d\u2019utiliser le mot investissement, pas pour vous conseiller d\u2019acheter telle bouteille afin de faire une plus-value d\u2019ici quelques ann\u00e9es mais plut\u00f4t d\u2019investir sur certaines appellations ou domaines qui seront plus difficiles de se payer d\u2019ici quelques ann\u00e9es. Quels vins de C\u00f4te-R\u00f4tie&hellip;<\/p>\n","protected":false},"author":14,"featured_media":5766,"comment_status":"open","ping_status":"open","sticky":false,"template":"","format":"standard","meta":{"_jetpack_memberships_contains_paid_content":false,"footnotes":""},"categories":[58,11],"tags":[],"class_list":["post-5761","post","type-post","status-publish","format-standard","has-post-thumbnail","hentry","category-investir-dans-le-vin","category-marche-du-vin"],"gutentor_comment":1,"jetpack_featured_media_url":"https:\/\/www.comptoirdesmillesimes.com\/blog\/wp-content\/uploads\/2020\/11\/investir-dans-le-vin-de-cote-rotie.jpg","jetpack_sharing_enabled":true,"_links":{"self":[{"href":"https:\/\/www.comptoirdesmillesimes.com\/blog\/wp-json\/wp\/v2\/posts\/5761","targetHints":{"allow":["GET"]}}],"collection":[{"href":"https:\/\/www.comptoirdesmillesimes.com\/blog\/wp-json\/wp\/v2\/posts"}],"about":[{"href":"https:\/\/www.comptoirdesmillesimes.com\/blog\/wp-json\/wp\/v2\/types\/post"}],"author":[{"embeddable":true,"href":"https:\/\/www.comptoirdesmillesimes.com\/blog\/wp-json\/wp\/v2\/users\/14"}],"replies":[{"embeddable":true,"href":"https:\/\/www.comptoirdesmillesimes.com\/blog\/wp-json\/wp\/v2\/comments?post=5761"}],"version-history":[{"count":6,"href":"https:\/\/www.comptoirdesmillesimes.com\/blog\/wp-json\/wp\/v2\/posts\/5761\/revisions"}],"predecessor-version":[{"id":5767,"href":"https:\/\/www.comptoirdesmillesimes.com\/blog\/wp-json\/wp\/v2\/posts\/5761\/revisions\/5767"}],"wp:featuredmedia":[{"embeddable":true,"href":"https:\/\/www.comptoirdesmillesimes.com\/blog\/wp-json\/wp\/v2\/media\/5766"}],"wp:attachment":[{"href":"https:\/\/www.comptoirdesmillesimes.com\/blog\/wp-json\/wp\/v2\/media?parent=5761"}],"wp:term":[{"taxonomy":"category","embeddable":true,"href":"https:\/\/www.comptoirdesmillesimes.com\/blog\/wp-json\/wp\/v2\/categories?post=5761"},{"taxonomy":"post_tag","embeddable":true,"href":"https:\/\/www.comptoirdesmillesimes.com\/blog\/wp-json\/wp\/v2\/tags?post=5761"}],"curies":[{"name":"wp","href":"https:\/\/api.w.org\/{rel}","templated":true}]}}