{"id":5887,"date":"2021-02-08T13:47:06","date_gmt":"2021-02-08T12:47:06","guid":{"rendered":"https:\/\/www.comptoirdesmillesimes.com\/blog\/?p=5887"},"modified":"2021-02-26T14:11:45","modified_gmt":"2021-02-26T13:11:45","slug":"domaine-barge-guide-vin","status":"publish","type":"post","link":"https:\/\/www.comptoirdesmillesimes.com\/blog\/domaine-barge-guide-vin\/","title":{"rendered":"Domaine Barge : Une Histoire de Famille !"},"content":{"rendered":"<p>Aujourd&rsquo;hui nous vous pr\u00e9sentons en d\u00e9tail notre vigneron partenaire : <a href=\"https:\/\/www.comptoirdesmillesimes.com\/gilles-barge\">Domaine Barge<\/a>. ?<\/p>\n<p>Alors qu&rsquo;il arrivait \u00e0 la fin de son parcours scolaire et malgr\u00e9 son jeune \u00e2ge, <strong>Julien Barges<\/strong> \u00e0 d\u00e9cid\u00e9 de se lancer dans les pas de son p\u00e8re et de son grand-p\u00e8re en conservant les valeurs de la tradition familiale. Actuellement propri\u00e9taire, il d\u00e9cide de reprendre en main l&rsquo;affaire familiale. Le domaine connait au fil du temps une grande popularit\u00e9 et devient alors une grande r\u00e9f\u00e9rence. Julien Barges comme son p\u00e8re Gilles Barges tenait avant tout \u00e0 garder le secret de ses vins.<\/p>\n<blockquote><p><a href=\"https:\/\/www.comptoirdesmillesimes.com\/blog\/direct-producteur\/\"><strong>&gt; Domaines partenaires : Voir tous les guides<\/strong> ?<\/a><\/p><\/blockquote>\n<h2 style=\"text-align: center;\">Une histoire de famille<\/h2>\n<p>? Vignerons depuis 1860, les g\u00e9n\u00e9rations barge ont h\u00e9rit\u00e9s du <strong>domaine barge<\/strong> jusqu&rsquo;aujourd&rsquo;hui. Ils b\u00e9n\u00e9ficient d&rsquo;un terrain de 5.70 hectares de cote r\u00f4tie, 1 hectare de Condrieu et 1.50 hectare de st joseph. L&rsquo;h\u00e9ritage se transmet de p\u00e8re en fils, et c&rsquo;est aujourd&rsquo;hui Julien qui g\u00e8re l&rsquo;entreprise familiale. Ils se sont alli\u00e9s ensemble afin de produire du vin de meilleur qualit\u00e9 et qui rentre en compte dans leur valeurs. Chaque cuv\u00e9e refl\u00e8te la tradition en particulier la cuv\u00e9e du Plessy sur la Cote Blonde mais \u00e9galement celle du Comblard et de la c\u00f4te brune. Grace \u00e0 son \u00e9cole sp\u00e9cialis\u00e9 en \u0153nologie et son exp\u00e9rience chez les cavistes, Gilles \u00e0 pu s&rsquo;int\u00e9grer des aspirations de sa famille. Il a pris le temps\u00a0 depuis qu&rsquo;il travaille chez son p\u00e8re, \u00e0 pr\u00e9parer le futur du domaine. Il voulait apporter sa touche au domaine mais avec un cot\u00e9 un peu plus moderne. Gilles \u00e0 \u00e9galement eu la chance de perfectionner certaines vieilles habitudes comme par exemple la r\u00e9duction du souffre, mais il \u00e0 \u00e9galement bannit le collage et la filtration.<\/p>\n<p>&nbsp;<\/p>\n<h2 style=\"text-align: center;\">Le Domaine Barge maintenant<\/h2>\n<p>? En 2019, Gilles et Alice partent \u00e0 la retraite et confit le domaine \u00e0 leur fils Julien Barges. Il est maintenant aux commandes pour les vinifications. Le domaine de Gilles Barges est\u00a0 producteur de cote r\u00f4tie avec un style traditionnel, frais et solide. Globalement les raisins, sont ferment\u00e9s enti\u00e8rement, sans besoin d&rsquo;\u00eatre \u00e9grapp\u00e9s, sauf\u00a0 dans les mill\u00e9simes compliqu\u00e9s. Les vignes ont plus de 50 ans et les plus vieilles vignes ont \u00e9t\u00e9 cultiv\u00e9es \u00e0 Baleyat en 1946. La vinification se fait en cuve et dans des tailles diff\u00e9rentes : 228 litres, 550 litres de demi-muids et les futs de ch\u00eane usag\u00e9s qui vont de 12 \u00e0 25 hectolitres. Jules par son engagement en tant que vigneron veut quand m\u00eame \u00eatre moderniste et continuer \u00e0 perp\u00e9tuer les traditions familiales.<\/p>\n<p>&nbsp;<\/p>\n<h2 style=\"text-align: center;\">Les grands vins du domaine Barge<\/h2>\n<p>&nbsp;<\/p>\n<ul>\n<li style=\"text-align: left;\">\n<h3><span style=\"font-size: 18pt;\">Cote-R\u00f4tie Le Combard\u00a0<\/span><\/h3>\n<\/li>\n<\/ul>\n<p><img loading=\"lazy\" decoding=\"async\" class=\"aligncenter size-full wp-image-5891\" src=\"https:\/\/www.comptoirdesmillesimes.com\/blog\/wp-content\/uploads\/2021\/02\/wine-1-bis.png\" alt=\"\" width=\"293\" height=\"93\" \/><\/p>\n<p>Apres le premier mill\u00e9sime de Cote-Brune, Gilles \u00e0 con\u00e7u le combard, issu d&rsquo;un lieu en plein sud et orient\u00e9 vers le village d&rsquo;Ampuis. Il \u00e9t\u00e9 d\u00e9laiss\u00e9 depuis la premi\u00e8re guerre mondiale. Pendant son enfance, Gilles faisait de la randonn\u00e9e dans le Combard mais il \u00e0 connu les caract\u00e9ristiques de ce terroir que lorsqu&rsquo;il \u00e0 commenc\u00e9 par faire du vin. L&rsquo;endroit est assez d\u00e9licat par la pr\u00e9sence de gros glaciers. 20 ans apr\u00e8s un travail difficile, les terrasses ont \u00e9t\u00e9 reconstruites et on pouvait acc\u00e9der \u00e0 la pente sup\u00e9rieur. En \u00a02009, le terroir du Combard accompli un m\u00e9lange avec\u00a0 un poivre\u00a0 savoureux qui va\u00a0 \u00e0 merveille avec le caract\u00e8re floral de ses 8% de Viognier.\u00a0 Le m\u00e9lange de ces deux parfums donne un go\u00fbt particulier en c\u00f4te-r\u00f4tie qui ne ressemble \u00e0 aucun autre.<\/p>\n<p>&nbsp;<\/p>\n<ul>\n<li class=\"article__name\" style=\"text-align: left;\">\n<h3><span style=\"font-size: 18pt;\">C\u00f4te-R\u00f4tie Cote Blonde &#8211; Domaine Barge<\/span><\/h3>\n<\/li>\n<\/ul>\n<div id=\"product-description-short-8003\" class=\"product__description\"><a href=\"https:\/\/www.comptoirdesmillesimes.com\/blog\/wp-content\/uploads\/2021\/02\/Capture-decran-2021-02-03-160433.png\"><img loading=\"lazy\" decoding=\"async\" class=\"aligncenter wp-image-5892\" src=\"https:\/\/www.comptoirdesmillesimes.com\/blog\/wp-content\/uploads\/2021\/02\/Capture-decran-2021-02-03-160433.png\" alt=\"\" width=\"300\" height=\"101\" \/><\/a><\/div>\n<p>Compos\u00e9 de 14 hectares elle est tr\u00e8s sp\u00e9ciale. Elle se situe au sud \/ sud-est. Elle \u00e0 \u00e9t\u00e9 plant\u00e9 en 1947 et 1952. On y retrouve des parfums intenses de violettes, fruits noirs, \u00e9pices avec une note fum\u00e9e. Gr\u00e2ce au travail de Gilles, la propri\u00e9t\u00e9 familiale a connu\u00a0 du succ\u00e8s. Il sait comment mettre en avant son admiration pour cette cuv\u00e9e et avoir une meilleure qualit\u00e9 de travail. Pas de produit de synth\u00e8se ni de de d\u00e9sherbants ajout\u00e9s. Bien qu&rsquo;elle connait un succ\u00e8s, elle \u00e0 encore besoin de temps pour se d\u00e9velopper.<\/p>\n<p>&nbsp;<\/p>\n<ul>\n<li class=\"article__name\" style=\"text-align: left;\">\n<h3><span style=\"font-size: 18pt;\">C\u00f4te-R\u00f4tie Cote Brune &#8211; Domaine Barge<a href=\"https:\/\/www.comptoirdesmillesimes.com\/blog\/wp-content\/uploads\/2021\/02\/Capture-decran-2021-02-03-160433.png\"><img loading=\"lazy\" decoding=\"async\" class=\"aligncenter wp-image-5892\" src=\"https:\/\/www.comptoirdesmillesimes.com\/blog\/wp-content\/uploads\/2021\/02\/Capture-decran-2021-02-03-160433.png\" alt=\"\" width=\"300\" height=\"101\" \/><\/a><\/span><\/h3>\n<\/li>\n<\/ul>\n<div id=\"product-description-short-8004\" class=\"product__description\"><\/div>\n<div id=\"tab-description\" class=\"woocommerce-Tabs-panel woocommerce-Tabs-panel--description panel entry-content wc-tab\" role=\"tabpanel\" aria-labelledby=\"tab-title-description\">\n<p>Cuv\u00e9e parcellaire produite depuis la retraite de son grand-p\u00e8re, Pierre. Pendant longtemps reconnu meilleur vin de la cave. Julien a compos\u00e9 un vin aux notes de cacao m\u00eal\u00e9es d&rsquo;olive noire : Cuv\u00e9e parcellaire du lieu dit C\u00f4te Brune. L&rsquo;attaque est ample, souple, soyeuse et les fruits noirs se d\u00e9veloppent sans retenue. Mais le r\u00e9sultat\u00a0 final est encore sous l&#8217;emprise du long \u00e9levage en fut de vingt-quatre mois et les tanins se montrent un peu s\u00e9v\u00e8res. Il faudra attendre 3 \u00e0 4 ans pour un meilleur gout. Elle est vinifi\u00e9e avec des raisins en grappes enti\u00e8res d\u00e9livre un nez l\u00e9g\u00e8rement poudr\u00e9. Derri\u00e8re, un joli fruit \u00e9volue sur l&rsquo;olive noir. La bouche est volumineuse mais fraiche avec des tanins qui accusent une pointe d&rsquo;amertume et qui accompagnent la puissance de la c\u00f4te brune.<\/p>\n<\/div>\n<p>&nbsp;<\/p>\n<ul>\n<li class=\"article__name\" style=\"text-align: left;\">\n<h3><span style=\"font-size: 18pt;\">C\u00f4te-R\u00f4tie Cuv\u00e9e du Plessy &#8211; Domaine Barge<\/span><\/h3>\n<\/li>\n<\/ul>\n<p><a href=\"https:\/\/www.comptoirdesmillesimes.com\/blog\/wp-content\/uploads\/2021\/02\/Capture-decran-2021-02-03-165223.png\"><img loading=\"lazy\" decoding=\"async\" class=\"aligncenter wp-image-5893\" src=\"https:\/\/www.comptoirdesmillesimes.com\/blog\/wp-content\/uploads\/2021\/02\/Capture-decran-2021-02-03-165223.png\" alt=\"\" width=\"300\" height=\"121\" \/><\/a><\/p>\n<p>Des notes de bouquet garni, de viandes r\u00f4ties, de bo\u00eete \u00e0 \u00e9pices, de framboises, de cerises noires et de sassafras sont toutes pr\u00e9sentes dans cette Cote Rotie et de poids moyen. Garde : 5 \u00e0 10 ans<br \/>\nCe vin est n\u00e9 en 1978 et est issu d&rsquo;une collaboration avec Joseph du Plessy son voisin qui vient d&rsquo;une famille de pionni\u00e8re. Des vignes sur la c\u00f4te blonde, ont \u00e9t\u00e9 plant\u00e9e dans les ann\u00e9es 1940. Gilles \u00e0 r\u00e9alis\u00e9 la vinification et la mise en bouteille. Ce fin \u00e0 fait du succ\u00e8s aupr\u00e8s du public. Marius Gentaz \u00e0 command\u00e9 plus de cote r\u00f4tie en 1982 en suivant les recommandations du domaine Barge. Pendant que Gilles dirigeait le domaine en 1994, Gilles voulait apporter sa touche pour mieux se servir du fruit du Plessy.<\/p>\n<blockquote><p><strong>&gt;<\/strong><strong><a href=\"https:\/\/www.comptoirdesmillesimes.com\/gilles-barge\">Grands vins du Domaine Barge en stock\u00a0<\/a>?<\/strong><\/p><\/blockquote>\n<p style=\"text-align: center;\"><span style=\"font-family: georgia, palatino, serif; color: #000000;\"><div class=\"feedzy-b5da30d0484d717a8f738e522805711f feedzy-rss\"><ul>Le flux ne contient aucun \u00e9l\u00e9ment.<\/ul> <\/div><\/span><\/p>\n","protected":false},"excerpt":{"rendered":"<p>Aujourd&rsquo;hui nous vous pr\u00e9sentons en d\u00e9tail notre vigneron partenaire : Domaine Barge. ? Alors qu&rsquo;il arrivait \u00e0 la fin de son parcours scolaire et malgr\u00e9 son jeune \u00e2ge, Julien Barges \u00e0 d\u00e9cid\u00e9 de se lancer dans les pas de son p\u00e8re et de son grand-p\u00e8re en conservant les valeurs de la tradition familiale. Actuellement propri\u00e9taire,&hellip;<\/p>\n","protected":false},"author":1,"featured_media":5909,"comment_status":"open","ping_status":"open","sticky":false,"template":"","format":"standard","meta":{"_jetpack_memberships_contains_paid_content":false,"footnotes":""},"categories":[36,11],"tags":[],"class_list":["post-5887","post","type-post","status-publish","format-standard","has-post-thumbnail","hentry","category-direct-producteur","category-marche-du-vin"],"gutentor_comment":1,"jetpack_featured_media_url":"https:\/\/www.comptoirdesmillesimes.com\/blog\/wp-content\/uploads\/2021\/02\/Domaine-Barge.jpg","jetpack_sharing_enabled":true,"_links":{"self":[{"href":"https:\/\/www.comptoirdesmillesimes.com\/blog\/wp-json\/wp\/v2\/posts\/5887","targetHints":{"allow":["GET"]}}],"collection":[{"href":"https:\/\/www.comptoirdesmillesimes.com\/blog\/wp-json\/wp\/v2\/posts"}],"about":[{"href":"https:\/\/www.comptoirdesmillesimes.com\/blog\/wp-json\/wp\/v2\/types\/post"}],"author":[{"embeddable":true,"href":"https:\/\/www.comptoirdesmillesimes.com\/blog\/wp-json\/wp\/v2\/users\/1"}],"replies":[{"embeddable":true,"href":"https:\/\/www.comptoirdesmillesimes.com\/blog\/wp-json\/wp\/v2\/comments?post=5887"}],"version-history":[{"count":10,"href":"https:\/\/www.comptoirdesmillesimes.com\/blog\/wp-json\/wp\/v2\/posts\/5887\/revisions"}],"predecessor-version":[{"id":6234,"href":"https:\/\/www.comptoirdesmillesimes.com\/blog\/wp-json\/wp\/v2\/posts\/5887\/revisions\/6234"}],"wp:featuredmedia":[{"embeddable":true,"href":"https:\/\/www.comptoirdesmillesimes.com\/blog\/wp-json\/wp\/v2\/media\/5909"}],"wp:attachment":[{"href":"https:\/\/www.comptoirdesmillesimes.com\/blog\/wp-json\/wp\/v2\/media?parent=5887"}],"wp:term":[{"taxonomy":"category","embeddable":true,"href":"https:\/\/www.comptoirdesmillesimes.com\/blog\/wp-json\/wp\/v2\/categories?post=5887"},{"taxonomy":"post_tag","embeddable":true,"href":"https:\/\/www.comptoirdesmillesimes.com\/blog\/wp-json\/wp\/v2\/tags?post=5887"}],"curies":[{"name":"wp","href":"https:\/\/api.w.org\/{rel}","templated":true}]}}