{"id":6953,"date":"2021-06-09T13:45:38","date_gmt":"2021-06-09T12:45:38","guid":{"rendered":"https:\/\/www.comptoirdesmillesimes.com\/blog\/?p=6953"},"modified":"2021-06-09T15:41:39","modified_gmt":"2021-06-09T14:41:39","slug":"clos-saint-jean-guide-vin","status":"publish","type":"post","link":"https:\/\/www.comptoirdesmillesimes.com\/blog\/clos-saint-jean-guide-vin\/","title":{"rendered":"Domaine Clos St Jean : Historique du domaine et d\u00e9tails de ses cuv\u00e9es"},"content":{"rendered":"<p>Voil\u00e0 l&rsquo;un de nos beaux domaines partenaires du Rh\u00f4ne : <strong>Le Clos Saint Jean.<\/strong> Le domaine \u00e0 vu le\u00a0 jour au d\u00e9but du XX\u00e8me si\u00e8cle gr\u00e2ce \u00e0\u00a0 Edmond Tacussel avant de\u00a0 changer de nom en 1910. Il est toujours rest\u00e9 dans la famille de g\u00e9n\u00e9ration en g\u00e9n\u00e9ration. Il a pris de l&rsquo;ampleur et est aujourd&rsquo;hui dirig\u00e9 par Pascal et Vincent Maurel qui travaillent ardemment pour produire un vin de meilleur qualit\u00e9. Le domaine pr\u00e9serve les sols, en les entretenant avec des produits naturels, pour garder tout le naturel des vignes. Ils font parti des premi\u00e8res parcelles \u00e0 avoir adopt\u00e9 le mode de culture selon les r\u00e8gles de l&rsquo;agriculture biologique depuis l&rsquo;ann\u00e9e 2011. La taille du vignoble aide les vignerons \u00e0 s&rsquo;occuper de mani\u00e8re attentive de chaque pied de vigne. Dans cet article, je vous raconterais bri\u00e8vement l&rsquo;histoire de ce domaine, ainsi que le d\u00e9tail de ces cuv\u00e9es.<\/p>\n<blockquote><p><a href=\"https:\/\/www.comptoirdesmillesimes.com\/clos-saint-jean\">\u00a0<strong>&gt; Vins du Clos St Jean au meilleur prix et en stock<\/strong><\/a><\/p><\/blockquote>\n<h2><\/h2>\n<h2 style=\"text-align: center;\">Histoire du domaine :<\/h2>\n<p><span id=\"p0\">Gr\u00e2ce \u00e0 une vie professionnelle qui leur a permis de faire le tour du monde, Philippe et <span id=\"9\" class=\"s-rg-t\">Marie-Odile<\/span>\u00a0<span id=\"10\" class=\"s-rg-t\">Beudet<\/span>\u00a0ont remis les mains sur l&rsquo;exploitation avec comme objectif de produire les meilleurs vins qu&rsquo;il\u00a0soit.<\/span><span id=\"p1\">\u00a0La dimension de l&rsquo;exploitation assure un certain rapprochement avec la vigne.<\/span><span id=\"p2\">\u00a0Ils ont un mode de vendange\u00a0manuel \u00e0\u00a0la fois concis et\u00a0d\u00e9licat.<\/span><span id=\"p3\">\u00a0Le domaine\u00a0familial\u00a0a\u00a0\u00e9t\u00e9\u00a0cr\u00e9\u00e9\u00a0entre l&rsquo;ann\u00e9e 1900 et 1905 par Monsieur Edmond\u00a0<span id=\"22\" class=\"s-rg-t\">TACUSSEL<\/span>.<\/span><span id=\"p4\"> Aujourd&rsquo;hui, il\u00a0est dirig\u00e9 par les arri\u00e8res petits-enfants <strong>Pascal et Vincent MAUREL<\/strong>.<\/span><span id=\"p5\"> \u00c0\u00a0l&rsquo;\u00e9poque, Monsieur\u00a0<strong><span id=\"25\">TACUSSEL<\/span> <\/strong>portait son attention sur les parcelles ou \u00e9taient localis\u00e9s les plus grands galets qu&rsquo;on puisse voir dans la r\u00e9gion.<\/span><span id=\"p6\">\u00a0Ils jouent une fonction de r\u00e9gulateur thermique en donnant aux raisins pendant la nuit, la chaleur\u00a0encaiss\u00e9e\u00a0pendant le jour.<\/span><span id=\"p7\">\u00a0<span id=\"27\">Tacussel<\/span> rencontra tr\u00e8s rapidement une popularit\u00e9 dans le monde entier ce qui lui permit d&rsquo;apporter son vin sur les plus grandes tables du monde, mais aussi au niveau de plusieurs t\u00eates couronn\u00e9es , et exporter son vin\u00a0 jusqu&rsquo;\u00e0 New York pendant les ann\u00e9es 30, la p\u00e9riode de la fin de la prohibition.<\/span><span id=\"p8\"> Avec l&rsquo;une des plus grandes cuv\u00e9es \u00ab<strong> La Combe des Fous<\/strong> \u00bb les <strong>fr\u00e8res MAUREL<\/strong> ont tenu \u00e0 rendre hommage \u00e0 leur arri\u00e8re-grand-p\u00e8re.<\/span><\/p>\n<p>&nbsp;<\/p>\n<h2 style=\"text-align: center;\">Les cuv\u00e9es du domaine :<\/h2>\n<ul>\n<li>\n<h3>Clos St Jean Ch\u00e2teauneuf du Pape Rouge :<\/h3>\n<\/li>\n<\/ul>\n<p>La vendange des raisins se fait \u00e0 la main et \u00e9grapp\u00e9 \u00e0 90 % avec une vinification dans des cuves thermor\u00e9gul\u00e9es. L&rsquo;extraction se fait en douceur, la mac\u00e9ration des vins est lente et douce. Les cuvaisons peuvent aller jusqu&rsquo;\u00e0 35 jours en cuves b\u00e9tons. Le c\u00e9page majoritaire de la cuv\u00e9e qu&rsquo;est le grenache est \u00e9lev\u00e9 16 mois en cuve b\u00e9ton. Quant aux autres c\u00e9pages, ils sont \u00e9lev\u00e9s dans des barriques neuves et dans des barriques d&rsquo;un vin pendant une ann\u00e9e. Quand le vin est jeune, le nez est intense en notes de garrigue, et on ressent dans la bouche des notes gourmandes de fruits rouges avec une finale persistante. Il peut se boire jeune, mais devient plus complexe avec le temps. Il se sert \u00e0 une temp\u00e9rature de 16 degr\u00e9 et s&rsquo;accompagne avec des viandes rouges grill\u00e9es et du gigot \u00e0 la proven\u00e7ale.<\/p>\n<h3><\/h3>\n<div class=\"tab-2\">\n<p><a href=\"https:\/\/www.comptoirdesmillesimes.com\/blog\/wp-content\/uploads\/2021\/05\/clos-st-jean-rouge.png\"><img loading=\"lazy\" decoding=\"async\" class=\"aligncenter wp-image-6990\" src=\"https:\/\/www.comptoirdesmillesimes.com\/blog\/wp-content\/uploads\/2021\/05\/clos-st-jean-rouge.png\" alt=\"\" width=\"400\" height=\"137\" \/><\/a><\/p>\n<\/div>\n<p>&nbsp;<\/p>\n<ul>\n<li>\n<h3>Clos St Jean Ch\u00e2teauneuf du Pape Blanc :<\/h3>\n<\/li>\n<\/ul>\n<p>Cette cuv\u00e9e est un vin piquant et \u00e9lev\u00e9 en barrique. Il est riche et cors\u00e9, \u00e0 des notes de p\u00eaches blanches, de brioche et de ch\u00e8vrefeuille. Le nez est floral et fruit\u00e9. Il est un vin qui peut toutefois se consommer jeune. C&rsquo;est \u00e9galement un vin de garde, et on peut le boire apr\u00e8s 5 ans ou il pourra d\u00e9velopper des ar\u00f4mes comme la truffe blanche. Il peut accompagner id\u00e9alement des fromages de caract\u00e8re mais aussi des viandes blanches ou rouges. L&rsquo;assemblage des c\u00e9pages est compos\u00e9 de : bourboulenc, de clairette, de grenache blanc et de roussanne.<\/p>\n<p><a href=\"https:\/\/www.comptoirdesmillesimes.com\/blog\/wp-content\/uploads\/2021\/05\/Clos-st-jean-blanc.png\"><img loading=\"lazy\" decoding=\"async\" class=\"aligncenter wp-image-6991\" src=\"https:\/\/www.comptoirdesmillesimes.com\/blog\/wp-content\/uploads\/2021\/05\/Clos-st-jean-blanc.png\" alt=\"\" width=\"400\" height=\"127\" \/><\/a><\/p>\n<p>&nbsp;<\/p>\n<ul>\n<li>\n<h3>Clos St Jean Ch\u00e2teauneuf du Pape La combe des fous :<\/h3>\n<\/li>\n<\/ul>\n<p>Elle a une tr\u00e8s belle bouche, riche, grasse, \u00e9quilibr\u00e9 et de la longueur. La robe est rouge brillante et le nez est aux ar\u00f4mes bois\u00e9s, floraux et \u00e9pic\u00e9s. En bouche on ressent une puissance et un \u00e9quilibre tannique avec des touches de tabac blond et d&rsquo;\u00e9pices. Une superbe cuv\u00e9e prestigieuse du domaine.<\/p>\n<p><a href=\"https:\/\/www.comptoirdesmillesimes.com\/blog\/wp-content\/uploads\/2021\/05\/Clos-st-jean-la-combe-des-fous.png\"><img loading=\"lazy\" decoding=\"async\" class=\"aligncenter wp-image-6992\" src=\"https:\/\/www.comptoirdesmillesimes.com\/blog\/wp-content\/uploads\/2021\/05\/Clos-st-jean-la-combe-des-fous-690x185.png\" alt=\"\" width=\"400\" height=\"107\" srcset=\"https:\/\/www.comptoirdesmillesimes.com\/blog\/wp-content\/uploads\/2021\/05\/Clos-st-jean-la-combe-des-fous-690x185.png 690w, https:\/\/www.comptoirdesmillesimes.com\/blog\/wp-content\/uploads\/2021\/05\/Clos-st-jean-la-combe-des-fous-840x225.png 840w, https:\/\/www.comptoirdesmillesimes.com\/blog\/wp-content\/uploads\/2021\/05\/Clos-st-jean-la-combe-des-fous-768x206.png 768w, https:\/\/www.comptoirdesmillesimes.com\/blog\/wp-content\/uploads\/2021\/05\/Clos-st-jean-la-combe-des-fous.png 1412w\" sizes=\"auto, (max-width: 400px) 100vw, 400px\" \/><\/a><\/p>\n<p>&nbsp;<\/p>\n<ul>\n<li>\n<h3>Clos St jean Ch\u00e2teauneuf du Pape deux ex machina :<\/h3>\n<\/li>\n<\/ul>\n<p>L&rsquo;assemblage est compos\u00e9 de grenaches et mourv\u00e8dres et le nom de cette cuv\u00e9e signifie un changement d&rsquo;orientation du domaine en ce qui concerne la viticulture et la vinification. Le mode de vendange est manuel et le rendement est de 20hl\/ha. L&rsquo;\u00e9grappage et la vinification des baies se font dans des cuves b\u00e9ton thermor\u00e9gul\u00e9e. Le vin est concentr\u00e9 et rac\u00e9 aux ar\u00f4mes intenses de fruits noirs, de garrigues et d&rsquo;\u00e9pices. Comme la Combe des Fous cette cuv\u00e9e est dense, concentr\u00e9, \u00e9l\u00e9gante et puissante.<\/p>\n<p><a href=\"https:\/\/www.comptoirdesmillesimes.com\/blog\/wp-content\/uploads\/2021\/05\/Clos-saint-jean-deux-ex-machina.png\"><img loading=\"lazy\" decoding=\"async\" class=\"aligncenter wp-image-6993\" src=\"https:\/\/www.comptoirdesmillesimes.com\/blog\/wp-content\/uploads\/2021\/05\/Clos-saint-jean-deux-ex-machina.png\" alt=\"\" width=\"400\" height=\"160\" \/><\/a><\/p>\n<p>Nous esp\u00e9rons que cet article sur le<strong> domaine du Clos St Jean<\/strong> vous aura plu, n&rsquo;h\u00e9sitez pas \u00e0 retrouver nos autres articles sur les <strong>domaines viticoles du Ch\u00e2teauneuf du Pape<\/strong>.<\/p>\n<p>&nbsp;<\/p>\n<p>&nbsp;<\/p>\n<blockquote><p><strong><a href=\"https:\/\/www.comptoirdesmillesimes.com\/blog\/domaines-partenaires-guide-vin\/\">&gt; Tous les Guides de nos domaines partenaires<\/a><\/strong><\/p><\/blockquote>\n<p>&nbsp;<\/p>\n<p style=\"text-align: center;\"><span style=\"font-family: helvetica, arial, sans-serif;\"><\/span><\/p>\n<p>&nbsp;<\/p>\n<p><a href=\"https:\/\/www.comptoirdesmillesimes.com\/clos-saint-jean\">Site officiel du Clos St Jean<\/a><\/p>\n","protected":false},"excerpt":{"rendered":"<p>Voil\u00e0 l&rsquo;un de nos beaux domaines partenaires du Rh\u00f4ne : Le Clos Saint Jean. Le domaine \u00e0 vu le\u00a0 jour au d\u00e9but du XX\u00e8me si\u00e8cle gr\u00e2ce \u00e0\u00a0 Edmond Tacussel avant de\u00a0 changer de nom en 1910. Il est toujours rest\u00e9 dans la famille de g\u00e9n\u00e9ration en g\u00e9n\u00e9ration. Il a pris de l&rsquo;ampleur et est aujourd&rsquo;hui&hellip;<\/p>\n","protected":false},"author":1,"featured_media":6994,"comment_status":"open","ping_status":"open","sticky":false,"template":"","format":"standard","meta":{"_jetpack_memberships_contains_paid_content":false,"footnotes":""},"categories":[36,11],"tags":[],"class_list":["post-6953","post","type-post","status-publish","format-standard","has-post-thumbnail","hentry","category-direct-producteur","category-marche-du-vin"],"gutentor_comment":0,"jetpack_featured_media_url":"https:\/\/www.comptoirdesmillesimes.com\/blog\/wp-content\/uploads\/2021\/05\/Clos-Saint-Jean.jpg","jetpack_sharing_enabled":true,"_links":{"self":[{"href":"https:\/\/www.comptoirdesmillesimes.com\/blog\/wp-json\/wp\/v2\/posts\/6953","targetHints":{"allow":["GET"]}}],"collection":[{"href":"https:\/\/www.comptoirdesmillesimes.com\/blog\/wp-json\/wp\/v2\/posts"}],"about":[{"href":"https:\/\/www.comptoirdesmillesimes.com\/blog\/wp-json\/wp\/v2\/types\/post"}],"author":[{"embeddable":true,"href":"https:\/\/www.comptoirdesmillesimes.com\/blog\/wp-json\/wp\/v2\/users\/1"}],"replies":[{"embeddable":true,"href":"https:\/\/www.comptoirdesmillesimes.com\/blog\/wp-json\/wp\/v2\/comments?post=6953"}],"version-history":[{"count":6,"href":"https:\/\/www.comptoirdesmillesimes.com\/blog\/wp-json\/wp\/v2\/posts\/6953\/revisions"}],"predecessor-version":[{"id":7211,"href":"https:\/\/www.comptoirdesmillesimes.com\/blog\/wp-json\/wp\/v2\/posts\/6953\/revisions\/7211"}],"wp:featuredmedia":[{"embeddable":true,"href":"https:\/\/www.comptoirdesmillesimes.com\/blog\/wp-json\/wp\/v2\/media\/6994"}],"wp:attachment":[{"href":"https:\/\/www.comptoirdesmillesimes.com\/blog\/wp-json\/wp\/v2\/media?parent=6953"}],"wp:term":[{"taxonomy":"category","embeddable":true,"href":"https:\/\/www.comptoirdesmillesimes.com\/blog\/wp-json\/wp\/v2\/categories?post=6953"},{"taxonomy":"post_tag","embeddable":true,"href":"https:\/\/www.comptoirdesmillesimes.com\/blog\/wp-json\/wp\/v2\/tags?post=6953"}],"curies":[{"name":"wp","href":"https:\/\/api.w.org\/{rel}","templated":true}]}}