{"id":8643,"date":"2022-10-18T15:03:44","date_gmt":"2022-10-18T14:03:44","guid":{"rendered":"https:\/\/www.comptoirdesmillesimes.com\/blog\/?p=8643"},"modified":"2022-10-18T15:03:44","modified_gmt":"2022-10-18T14:03:44","slug":"histoire-de-lappellation-cote-rotie","status":"publish","type":"post","link":"https:\/\/www.comptoirdesmillesimes.com\/blog\/histoire-de-lappellation-cote-rotie\/","title":{"rendered":"L&rsquo;histoire de l&rsquo;appellation C\u00f4te-R\u00f4tie | Le guide de C\u00f4te R\u00f4tie"},"content":{"rendered":"<p><span style=\"color: #212121; font-family: tahoma, arial, helvetica, sans-serif;\"><span style=\"font-size: medium;\">Alors avant toute explication de l&rsquo;appellation, pourquoi\u00a0cette AOC porte le nom de C\u00f4te-R\u00f4tie ? Son nom remontrait \u00e0 la fin du XVII si\u00e8cle, et fait penser \u00e0 ce que la\u00a0vigne subit durant la p\u00e9riode estivale, c&rsquo;est-\u00e0-dire des vignes br\u00fbl\u00e9es\u00a0et r\u00f4ties par le soleil.<\/span><\/span><\/p>\n<blockquote><p>&gt; <a href=\"https:\/\/www.comptoirdesmillesimes.com\/cote-rotie\">Retrouvez l&rsquo;ensemble de nos domaines partenaires sur l&rsquo;appellation C\u00f4te-R\u00f4tie<\/a><\/p><\/blockquote>\n<h2><\/h2>\n<h2 style=\"text-align: center;\">Quelques anecdotes \u00e0 savoir :<\/h2>\n<ul>\n<li><span style=\"color: #212121; font-family: tahoma, arial, helvetica, sans-serif;\"><span style=\"font-size: medium;\">Les vins de C\u00f4te-R\u00f4tie remontent en 71 apr\u00e8s J\u00e9sus-Christ. Ils \u00e9taient tout d&rsquo;abord qualifi\u00e9s de <strong>vins viennois<\/strong> (certains connaissent d&rsquo;ailleurs une maison qui produit les \u00ab vins de Vienne \u00bb). Au Moyen-\u00c2ge et\u00a0\u00e0 la Renaissance, les vins de C\u00f4te-R\u00f4tie sont livr\u00e9s sur les plus belles tables princi\u00e8res, telles qu&rsquo;en Angleterre, en Russie et bien s\u00fbr en France. <\/span><\/span><\/li>\n<li><span style=\"color: #212121; font-family: tahoma, arial, helvetica, sans-serif;\"><span style=\"font-size: medium;\">Tout comme le reste de la France, le vignoble de la C\u00f4te-R\u00f4tie va subir de plein fouet les attaques du phyllox\u00e9ra. Les vignerons vont se battre pour r\u00e9sister et ma\u00eetriser toutes les difficult\u00e9s de cette maladie, mais une seconde catastrophe va venir an\u00e9antir l&rsquo;appellation. <\/span><\/span><\/li>\n<li><span style=\"color: #212121; font-family: tahoma, arial, helvetica, sans-serif;\"><span style=\"font-size: medium;\">Durant la Premi\u00e8re Guerre mondiale, le village va perdre pr\u00e8s de 150 hommes et va r\u00e9duire une partie des coteaux \u00e0 l&rsquo;abandon.<\/span><\/span><\/li>\n<li><span style=\"color: #212121; font-family: tahoma, arial, helvetica, sans-serif;\"><span style=\"font-size: medium;\">Les vins de C\u00f4te-R\u00f4tie vont profiter de la cr\u00e9ation de l&rsquo;appellation d&rsquo;origine contr\u00f4l\u00e9e et va se voir octroyer cette AOC en 1940.<\/span><\/span><\/li>\n<li><span style=\"color: #212121; font-family: tahoma, arial, helvetica, sans-serif;\"><span style=\"font-size: medium;\">Apr\u00e8s cela, le vignoble va relever la t\u00eate \u00e0 la fin des ann\u00e9es 60, 70 et va voir arriver une nouvelle vague de vignerons.<\/span><\/span><\/li>\n<li><span style=\"color: #212121; font-family: tahoma, arial, helvetica, sans-serif;\"><span style=\"font-size: medium;\">Le vignoble compte aujourd&rsquo;hui une centaine de vignerons et pas loin de la moiti\u00e9 des vins sont export\u00e9s dans le monde entier.<\/span><\/span><\/li>\n<\/ul>\n<p>&nbsp;<\/p>\n<blockquote>\n<h3><span style=\"font-family: tahoma, arial, helvetica, sans-serif;\"><strong><span style=\"color: #212121;\"><span style=\"font-size: medium;\">Les c\u00e9pages de l&rsquo;appellation C\u00f4te-R\u00f4tie<\/span><\/span><\/strong><\/span><\/h3>\n<\/blockquote>\n<p><span style=\"font-family: tahoma, arial, helvetica, sans-serif;\"><span style=\"color: #212121;\"><span style=\"font-size: medium;\">Les vins de C\u00f4te-R\u00f4tie sont exclusivement des vins rouges qui ne peuvent provenir que d&rsquo;un seul c\u00e9page rouge,<\/span><\/span><strong><span style=\"color: #212121;\"><span style=\"font-size: medium;\"> la Syrah. <\/span><\/span><\/strong><span style=\"color: #212121;\"><span style=\"font-size: medium;\">Cette derni\u00e8re peut \u00eatre assembl\u00e9e avec un raisin blanc,\u00a0<\/span><\/span><strong><span style=\"color: #212121;\"><span style=\"font-size: medium;\">du viognier, <\/span><\/span><\/strong><span style=\"color: #212121;\"><span style=\"font-size: medium;\">dans la limite de 20 %.\u00a0C\u2019est l&rsquo;une des rares appellations \u00e0 pouvoir assembler un raisin rouge avec du raisin blanc, ce dernier apportant de la fra\u00eecheur \u00e0 des vins souvent capiteux.<br \/>\nLes vins de C\u00f4te-R\u00f4tie sont des vins fruit\u00e9s aux ar\u00f4mes de fruits des bois\u00a0et\u00a0fruits noirs, avec une nuance d&rsquo;\u00e9pices et de poivre, et qui offrent toujours des vins de caract\u00e8re.<\/span><\/span><\/span><\/p>\n<p>&nbsp;<\/p>\n<blockquote>\n<h3><span style=\"font-family: tahoma, arial, helvetica, sans-serif;\"><strong><span style=\"color: #212121;\"><span style=\"font-size: medium;\">Le climat et le terroir de l&rsquo;AOC C\u00f4te-R\u00f4tie<\/span><\/span><\/strong><\/span><\/h3>\n<\/blockquote>\n<p><span style=\"font-family: tahoma, arial, helvetica, sans-serif;\"><span style=\"color: #212121;\"><span style=\"font-size: medium;\"><br \/>\nL&rsquo;appellation C\u00f4te-R\u00f4tie se situe au nord de la vall\u00e9e du Rh\u00f4ne,\u00a0c&rsquo;est-\u00e0-dire sur la partie septentrionale. Le vignoble se trouve \u00e0 une altitude entre 150 et 320 m avec des pentes pouvant aller jusqu&rsquo;\u00e0 60 % !<br \/>\nLe vignoble compte environ 280 ha qui se trouvent sur\u00a03 communes : celle d&rsquo;Ampuis, de Saint-Cyr-sur-le-Rh\u00f4ne et de Tupin-et-Semons.<br \/>\nEn ce qui concerne son sol, l\u00e0 aussi C\u00f4te-R\u00f4tie est bien fourni. La totalit\u00e9, ou presque, des vignes de l&rsquo;appellation est plant\u00e9e sur des roches. On peut distinguer trois secteurs avec des sols diff\u00e9rents compos\u00e9s de schiste, de guns ou encore de granit.<\/span><\/span><\/span><\/p>\n<p>&nbsp;<\/p>\n<blockquote>\n<h3><span style=\"font-family: tahoma, arial, helvetica, sans-serif;\"><strong><span style=\"color: #212121;\"><span style=\"font-size: medium;\">La l\u00e9gende de C\u00f4te-R\u00f4tie<\/span><\/span><\/strong><\/span><\/h3>\n<\/blockquote>\n<p align=\"CENTER\"><span style=\"font-family: tahoma, arial, helvetica, sans-serif;\"><em><span style=\"color: #212121;\"><span style=\"font-size: medium;\">Il existe une l\u00e9gende&#8230;<\/span><\/span><\/em><\/span><\/p>\n<p align=\"CENTER\"><span style=\"font-family: tahoma, arial, helvetica, sans-serif;\"><em><span style=\"color: #212121;\"><span style=\"font-size: medium;\">Selon la l\u00e9gende, le Seigneur\u00a0Maugiron\u00a0qui poss\u00e9dait la C\u00f4te-R\u00f4tie avait partag\u00e9 son domaine pour doter ses deux filles lors de leur mariage. L&rsquo;une \u00e9tait blonde comme les bl\u00e9s et l&rsquo;autre brune comme le jais. Voil\u00e0 pourquoi vous pouvez lire sur certaines \u00e9tiquettes C\u00f4te brune ou C\u00f4te blonde&#8230;<\/span><\/span><\/em><\/span><\/p>\n<p align=\"CENTER\">\n<blockquote>\n<h3 style=\"text-align: left;\" align=\"CENTER\">Ces articles pourrait aussi vous int\u00e9resser<\/h3>\n<\/blockquote>\n<ul>\n<li style=\"text-align: left;\"><a href=\"https:\/\/www.comptoirdesmillesimes.com\/blog\/10-meilleurs-vins-cote-rotie\/\" rel=\"bookmark\">C\u00f4te R\u00f4tie | Meilleurs mill\u00e9simes et grands domaines<\/a><\/li>\n<li style=\"text-align: left;\"><a href=\"https:\/\/www.comptoirdesmillesimes.com\/blog\/investir-vin-cote-rotie\/\" rel=\"bookmark\">Quels vins de C\u00f4te-R\u00f4tie pour investir ?<\/a><\/li>\n<li style=\"text-align: left;\"><a href=\"https:\/\/www.comptoirdesmillesimes.com\/blog\/meilleurs-vins-de-trilogie-e-guigal\/\" rel=\"bookmark\">Cote Rotie Guigal | Les Plus beaux Mill\u00e9simes de La Trilogie Mythique<\/a><\/li>\n<\/ul>\n<p style=\"text-align: left;\" align=\"CENTER\">\n","protected":false},"excerpt":{"rendered":"<p>Alors avant toute explication de l&rsquo;appellation, pourquoi\u00a0cette AOC porte le nom de C\u00f4te-R\u00f4tie ? Son nom remontrait \u00e0 la fin du XVII si\u00e8cle, et fait penser \u00e0 ce que la\u00a0vigne subit durant la p\u00e9riode estivale, c&rsquo;est-\u00e0-dire des vignes br\u00fbl\u00e9es\u00a0et r\u00f4ties par le soleil. &gt; Retrouvez l&rsquo;ensemble de nos domaines partenaires sur l&rsquo;appellation C\u00f4te-R\u00f4tie Quelques anecdotes&hellip;<\/p>\n","protected":false},"author":27,"featured_media":8655,"comment_status":"open","ping_status":"open","sticky":false,"template":"","format":"standard","meta":{"_jetpack_memberships_contains_paid_content":false,"footnotes":""},"categories":[13,11,33,56],"tags":[],"class_list":["post-8643","post","type-post","status-publish","format-standard","has-post-thumbnail","hentry","category-le-saviez-vous","category-marche-du-vin","category-cote-rotie","category-les-guides-de-degustation"],"gutentor_comment":3,"jetpack_featured_media_url":"https:\/\/www.comptoirdesmillesimes.com\/blog\/wp-content\/uploads\/2022\/10\/cote-rotie-vin.jpg","jetpack_sharing_enabled":true,"_links":{"self":[{"href":"https:\/\/www.comptoirdesmillesimes.com\/blog\/wp-json\/wp\/v2\/posts\/8643","targetHints":{"allow":["GET"]}}],"collection":[{"href":"https:\/\/www.comptoirdesmillesimes.com\/blog\/wp-json\/wp\/v2\/posts"}],"about":[{"href":"https:\/\/www.comptoirdesmillesimes.com\/blog\/wp-json\/wp\/v2\/types\/post"}],"author":[{"embeddable":true,"href":"https:\/\/www.comptoirdesmillesimes.com\/blog\/wp-json\/wp\/v2\/users\/27"}],"replies":[{"embeddable":true,"href":"https:\/\/www.comptoirdesmillesimes.com\/blog\/wp-json\/wp\/v2\/comments?post=8643"}],"version-history":[{"count":5,"href":"https:\/\/www.comptoirdesmillesimes.com\/blog\/wp-json\/wp\/v2\/posts\/8643\/revisions"}],"predecessor-version":[{"id":8656,"href":"https:\/\/www.comptoirdesmillesimes.com\/blog\/wp-json\/wp\/v2\/posts\/8643\/revisions\/8656"}],"wp:featuredmedia":[{"embeddable":true,"href":"https:\/\/www.comptoirdesmillesimes.com\/blog\/wp-json\/wp\/v2\/media\/8655"}],"wp:attachment":[{"href":"https:\/\/www.comptoirdesmillesimes.com\/blog\/wp-json\/wp\/v2\/media?parent=8643"}],"wp:term":[{"taxonomy":"category","embeddable":true,"href":"https:\/\/www.comptoirdesmillesimes.com\/blog\/wp-json\/wp\/v2\/categories?post=8643"},{"taxonomy":"post_tag","embeddable":true,"href":"https:\/\/www.comptoirdesmillesimes.com\/blog\/wp-json\/wp\/v2\/tags?post=8643"}],"curies":[{"name":"wp","href":"https:\/\/api.w.org\/{rel}","templated":true}]}}