{"id":890,"date":"2016-08-10T15:47:44","date_gmt":"2016-08-10T14:47:44","guid":{"rendered":"https:\/\/www.comptoirdesmillesimes.com\/blog\/?p=890"},"modified":"2020-03-11T10:18:59","modified_gmt":"2020-03-11T09:18:59","slug":"vins-jean-marc-boillot","status":"publish","type":"post","link":"https:\/\/www.comptoirdesmillesimes.com\/blog\/vins-jean-marc-boillot\/","title":{"rendered":"Tout savoir sur les Grands vins du domaine Jean-Marc Boillot"},"content":{"rendered":"<h2 style=\"text-align: justify;\">Le domaine Jean-Marc Boillot<\/h2>\n<p style=\"text-align: justify;\"><strong><a href=\"https:\/\/www.comptoirdesmillesimes.com\/jean-marc-boillot\">Jean-Marc Boillot<\/a><\/strong> s&rsquo;est install\u00e9 en 1985 apr\u00e8s avoir\u00a0vinifi\u00e9 pour Olivier Leflaive Fr\u00e8res. Il a d\u00e9marr\u00e9 en louant quelques parcelles \u00e0 <strong><a href=\"https:\/\/www.comptoirdesmillesimes.com\/pommard\">Pommard<\/a><\/strong>, qu&rsquo;il a compl\u00e9t\u00e9\u00a0de vignes \u00e0 Pommard et \u00e0\u00a0<strong><a href=\"https:\/\/www.comptoirdesmillesimes.com\/volnay\">Volnay<\/a><\/strong> h\u00e9rit\u00e9es du c\u00f4t\u00e9 paternel en 1988 (gr\u00e2ce \u00e0 son autre grand-p\u00e8re \u00c9tienne Sauzet), repr\u00e9sentant un tiers du <strong>domaine\u00a0\u00c9tienne Sauzet<\/strong>. Le domaine exploite maintenant 11 hectares de vignes, 5 en rouge et 6 en blanc (dont du bourgogne g\u00e9n\u00e9rique) &#8211; et produit, avec une casquette de n\u00e9gociant, les m\u00eames quantit\u00e9s en blanc, notamment dans la C\u00f4te chalonnaise.<strong> Jean-Marc Boillot <\/strong>travaille maintenant avec ses deux enfants, Lydie et Benjamin.<\/p>\n<hr \/>\n<h2 style=\"text-align: justify;\">Les vins du domaine Boillot<\/h2>\n<p style=\"text-align: justify;\">Tous les vins blancs, \u00e0 l&rsquo;exception du grand cru, sont vinifi\u00e9s de la m\u00eame fa\u00e7on : pressurage de grappes enti\u00e8res, 24 heures de d\u00e9cantation puis entonnage dans 25 \u00e0 30 % de f\u00fbt neuf, un b\u00e2tonnage hebdomadaire, et mise en bouteilles avant les vendanges. Cela donne des vins frais, s\u00e9duisants et purs.<\/p>\n<p style=\"text-align: justify;\">Les rouges sont enti\u00e8rement \u00e9rafl\u00e9s, puis passent en mac\u00e9ration pr\u00e9fermentaire \u00e0 froid. Quand la fermentation est enclench\u00e9e, ils sont pig\u00e9s et remont\u00e9s \u00e0 un rythme qui tient compte du terroir et du mill\u00e9sime. Ils passent ensuite treize mois d&rsquo;\u00e9levage en f\u00fbt, 50% de f\u00fbt neuf, et un dernier semestre en cuve inox pour se pr\u00e9parer \u00e0 la mise en bouteilles. Les vins rouges du domaine allient avec brio le fruit\u00e9 et le bois\u00e9, une bonne combinaison pour une garde \u00e0 moyen terme.<\/p>\n<h2 style=\"text-align: justify;\">Notre s\u00e9lection de cuv\u00e9es du domaine Jean-Marc Boillot<\/h2>\n<p>&nbsp;<\/p>\n<p style=\"text-align: center;\"><strong>Montagny 1er cru<\/strong><\/p>\n<p style=\"text-align: center;\"><a href=\"https:\/\/www.comptoirdesmillesimes.com\/autres-appellations-de-bourgogne\/montagny-1er-cru-2014-jm-boillot.html\"><img loading=\"lazy\" decoding=\"async\" class=\"aligncenter size-medium wp-image-893\" style=\"text-align: justify;\" src=\"https:\/\/www.comptoirdesmillesimes.com\/blog\/wp-content\/uploads\/2016\/08\/montagny-1er-cru-2014-jm-boillot-300x300.jpg\" alt=\"Montagny 1er cru\" width=\"300\" height=\"300\" srcset=\"https:\/\/www.comptoirdesmillesimes.com\/blog\/wp-content\/uploads\/2016\/08\/montagny-1er-cru-2014-jm-boillot-300x300.jpg 300w, https:\/\/www.comptoirdesmillesimes.com\/blog\/wp-content\/uploads\/2016\/08\/montagny-1er-cru-2014-jm-boillot-150x150.jpg 150w, https:\/\/www.comptoirdesmillesimes.com\/blog\/wp-content\/uploads\/2016\/08\/montagny-1er-cru-2014-jm-boillot-768x768.jpg 768w, https:\/\/www.comptoirdesmillesimes.com\/blog\/wp-content\/uploads\/2016\/08\/montagny-1er-cru-2014-jm-boillot.jpg 800w\" sizes=\"auto, (max-width: 300px) 100vw, 300px\" \/><\/a><\/p>\n<p style=\"text-align: justify;\">Les lecteurs \u00e0 la\u00a0recherche d&rsquo;un blanc d\u00e9licieux de\u00a0<strong><a href=\"https:\/\/www.comptoirdesmillesimes.com\/bourgogne\">Bourgogne<\/a><\/strong>\u00a0abordables devraient se pencher sur le fabuleux 2014 Montagny de Jean-Marc Boillot. Des notes de fleurs, poires, silex et les\u00a0pierres concass\u00e9es qui ressortent de ce superbe blanc.\u00a0Une finition cristalline pure arrondit les\u00a0choses.<\/p>\n<p style=\"text-align: center;\"><strong>Saint-Aubin 1er cru<\/strong><\/p>\n<p style=\"text-align: center;\"><a href=\"https:\/\/www.comptoirdesmillesimes.com\/autres-appellations-de-bourgogne\/saint-aubin-1er-cru-2014-jm-boillot.html\"><img loading=\"lazy\" decoding=\"async\" class=\"aligncenter size-medium wp-image-894\" style=\"text-align: justify;\" src=\"https:\/\/www.comptoirdesmillesimes.com\/blog\/wp-content\/uploads\/2016\/08\/saint-aubin-1er-cru-2014-jm-boillot-300x300.jpg\" alt=\"Saint Aubin JM boillot\" width=\"300\" height=\"300\" srcset=\"https:\/\/www.comptoirdesmillesimes.com\/blog\/wp-content\/uploads\/2016\/08\/saint-aubin-1er-cru-2014-jm-boillot-300x300.jpg 300w, https:\/\/www.comptoirdesmillesimes.com\/blog\/wp-content\/uploads\/2016\/08\/saint-aubin-1er-cru-2014-jm-boillot-150x150.jpg 150w, https:\/\/www.comptoirdesmillesimes.com\/blog\/wp-content\/uploads\/2016\/08\/saint-aubin-1er-cru-2014-jm-boillot-768x768.jpg 768w, https:\/\/www.comptoirdesmillesimes.com\/blog\/wp-content\/uploads\/2016\/08\/saint-aubin-1er-cru-2014-jm-boillot.jpg 800w\" sizes=\"auto, (max-width: 300px) 100vw, 300px\" \/><\/a><\/p>\n<p style=\"text-align: justify;\">D&rsquo;un premier cru rarement vu situ\u00e9 haut sur la colline qui surplombe le petit village de Gamay, Saint Aubin Sous la Roche Dumay (blanc) 2003 r\u00e9v\u00e8le un nez de doux, d&rsquo;\u00a0amandes en beurre.\u00a0Cette suave, l\u00e9g\u00e8re au vin moyennement cors\u00e9 est \u00e9pic\u00e9, rempli de poires de p\u00e2te charg\u00e9e, et offre un caract\u00e8re charnu s\u00e9veux ainsi qu&rsquo;une longue finale expressive<\/p>\n<p style=\"text-align: center;\"><strong>Pommard<\/strong><\/p>\n<p style=\"text-align: center;\"><a href=\"https:\/\/www.comptoirdesmillesimes.com\/pommard\/pommard-2014-jm-boillot.html\"><img loading=\"lazy\" decoding=\"async\" class=\"aligncenter size-medium wp-image-895\" style=\"text-align: justify;\" src=\"https:\/\/www.comptoirdesmillesimes.com\/blog\/wp-content\/uploads\/2016\/08\/pommard-2014-jm-boillot-300x300.jpg\" alt=\"Pommard\" width=\"300\" height=\"300\" srcset=\"https:\/\/www.comptoirdesmillesimes.com\/blog\/wp-content\/uploads\/2016\/08\/pommard-2014-jm-boillot-300x300.jpg 300w, https:\/\/www.comptoirdesmillesimes.com\/blog\/wp-content\/uploads\/2016\/08\/pommard-2014-jm-boillot-150x150.jpg 150w, https:\/\/www.comptoirdesmillesimes.com\/blog\/wp-content\/uploads\/2016\/08\/pommard-2014-jm-boillot-768x768.jpg 768w, https:\/\/www.comptoirdesmillesimes.com\/blog\/wp-content\/uploads\/2016\/08\/pommard-2014-jm-boillot.jpg 800w\" sizes=\"auto, (max-width: 300px) 100vw, 300px\" \/><\/a><\/p>\n<p style=\"text-align: justify;\">Des notes de rhubarbe et de\u00a0groseilles.Ce vin offre une grande fraicheur.\u00a0IDes tanins raffin\u00e9s et\u00a0tr\u00e8s l\u00e9gers. On peut dire que c&rsquo;est un vin subtile dans sa finition.<\/p>\n<p style=\"text-align: center;\"><strong>Pommard 1 er cru\u00a0Saucilles<\/strong><\/p>\n<p style=\"text-align: center;\"><a href=\"https:\/\/www.comptoirdesmillesimes.com\/pommard\/pommard-1er-cru-2011-saucilles-jm-boillot.html\"><img loading=\"lazy\" decoding=\"async\" class=\"aligncenter size-medium wp-image-896\" style=\"text-align: justify;\" src=\"https:\/\/www.comptoirdesmillesimes.com\/blog\/wp-content\/uploads\/2016\/08\/pommard-1er-cru-2011-saucilles-jm-boillot-300x300.jpg\" alt=\"Pommard boillot saucilles\" width=\"300\" height=\"300\" srcset=\"https:\/\/www.comptoirdesmillesimes.com\/blog\/wp-content\/uploads\/2016\/08\/pommard-1er-cru-2011-saucilles-jm-boillot-300x300.jpg 300w, https:\/\/www.comptoirdesmillesimes.com\/blog\/wp-content\/uploads\/2016\/08\/pommard-1er-cru-2011-saucilles-jm-boillot-150x150.jpg 150w, https:\/\/www.comptoirdesmillesimes.com\/blog\/wp-content\/uploads\/2016\/08\/pommard-1er-cru-2011-saucilles-jm-boillot-768x768.jpg 768w, https:\/\/www.comptoirdesmillesimes.com\/blog\/wp-content\/uploads\/2016\/08\/pommard-1er-cru-2011-saucilles-jm-boillot.jpg 800w\" sizes=\"auto, (max-width: 300px) 100vw, 300px\" \/><\/a><\/p>\n<p style=\"text-align: justify;\">Le Pommard 1er Cru Saucilles\u00a0est assez tannique, mais tr\u00e8s doux, avec des notes de fruits\u00a0m\u00fbrs. Il est moyennement cors\u00e9.<\/p>\n<p style=\"text-align: center;\"><strong>Pommard 1er cru Jarolli\u00e8res<\/strong><\/p>\n<p style=\"text-align: center;\"><a href=\"https:\/\/www.comptoirdesmillesimes.com\/pommard\/pommard-1er-cru-2014-jarollieres-jm-boillot.html\"><img loading=\"lazy\" decoding=\"async\" class=\"aligncenter size-medium wp-image-897\" style=\"text-align: justify;\" src=\"https:\/\/www.comptoirdesmillesimes.com\/blog\/wp-content\/uploads\/2016\/08\/pommard-1er-cru-2014-jarollieres-jm-boillot-1-300x300.jpg\" alt=\"Pommard Jarollieres\" width=\"300\" height=\"300\" srcset=\"https:\/\/www.comptoirdesmillesimes.com\/blog\/wp-content\/uploads\/2016\/08\/pommard-1er-cru-2014-jarollieres-jm-boillot-1-300x300.jpg 300w, https:\/\/www.comptoirdesmillesimes.com\/blog\/wp-content\/uploads\/2016\/08\/pommard-1er-cru-2014-jarollieres-jm-boillot-1-150x150.jpg 150w, https:\/\/www.comptoirdesmillesimes.com\/blog\/wp-content\/uploads\/2016\/08\/pommard-1er-cru-2014-jarollieres-jm-boillot-1-768x768.jpg 768w, https:\/\/www.comptoirdesmillesimes.com\/blog\/wp-content\/uploads\/2016\/08\/pommard-1er-cru-2014-jarollieres-jm-boillot-1.jpg 800w\" sizes=\"auto, (max-width: 300px) 100vw, 300px\" \/><\/a><\/p>\n<p style=\"text-align: justify;\">Les vignes de soixante-dix ans en moyenne donnent naissance \u00e0 ce vin alliant la rugosit\u00e9 du pommard \u00e0 la finesse du volnay. Les tanins se montrent ici plus tendres que dans les Rugiens et offrent ce vin riche, \u00e0 la belle mati\u00e8re et \u00e0 la longue finale.<\/p>\n<p style=\"text-align: center;\"><strong>Pommard 1er cru Rugiens<\/strong><\/p>\n<p style=\"text-align: center;\"><a href=\"https:\/\/www.comptoirdesmillesimes.com\/pommard\/pommard-1er-cru-2014-rugiens-jm-boillot.html\"><img loading=\"lazy\" decoding=\"async\" class=\"aligncenter size-medium wp-image-898\" style=\"text-align: justify;\" src=\"https:\/\/www.comptoirdesmillesimes.com\/blog\/wp-content\/uploads\/2016\/08\/pommard-1er-cru-2014-rugiens-jm-boillot-300x300.jpg\" alt=\"Pommard Rugiens Boillot\" width=\"300\" height=\"300\" srcset=\"https:\/\/www.comptoirdesmillesimes.com\/blog\/wp-content\/uploads\/2016\/08\/pommard-1er-cru-2014-rugiens-jm-boillot-300x300.jpg 300w, https:\/\/www.comptoirdesmillesimes.com\/blog\/wp-content\/uploads\/2016\/08\/pommard-1er-cru-2014-rugiens-jm-boillot-150x150.jpg 150w, https:\/\/www.comptoirdesmillesimes.com\/blog\/wp-content\/uploads\/2016\/08\/pommard-1er-cru-2014-rugiens-jm-boillot-768x768.jpg 768w, https:\/\/www.comptoirdesmillesimes.com\/blog\/wp-content\/uploads\/2016\/08\/pommard-1er-cru-2014-rugiens-jm-boillot.jpg 800w\" sizes=\"auto, (max-width: 300px) 100vw, 300px\" \/><\/a><\/p>\n<p style=\"text-align: justify;\">Une \u00e9nergie inf\u00e9rieure \u00e0 la Jarollieres. Cependant, c&rsquo;est un vin\u00a0qui excelle au niveau de sa texture,\u00a0avec des\u00a0tanins\u00a0raffin\u00e9s, et une\u00a0finition savoureuse. Des notes de\u00a0r\u00e9glisse et de\u00a0jus de\u00a0fruits frais,\u00a0de b\u0153uf.<\/p>\n<p style=\"text-align: center;\"><strong>Puligny-Montrachet 1er cru\u00a0Referts<\/strong><\/p>\n<p style=\"text-align: center;\"><a href=\"https:\/\/www.comptoirdesmillesimes.com\/puligny-montrachet\/puligny-montrachet-1er-cru-2014-les-referts-jm-boillot.html\"><img loading=\"lazy\" decoding=\"async\" class=\"aligncenter size-medium wp-image-899\" style=\"text-align: justify;\" src=\"https:\/\/www.comptoirdesmillesimes.com\/blog\/wp-content\/uploads\/2016\/08\/puligny-montrachet-1er-cru-2014-les-referts-jm-boillot-300x300.jpg\" alt=\"Puligny Boilot Les referts\" width=\"300\" height=\"300\" srcset=\"https:\/\/www.comptoirdesmillesimes.com\/blog\/wp-content\/uploads\/2016\/08\/puligny-montrachet-1er-cru-2014-les-referts-jm-boillot-300x300.jpg 300w, https:\/\/www.comptoirdesmillesimes.com\/blog\/wp-content\/uploads\/2016\/08\/puligny-montrachet-1er-cru-2014-les-referts-jm-boillot-150x150.jpg 150w, https:\/\/www.comptoirdesmillesimes.com\/blog\/wp-content\/uploads\/2016\/08\/puligny-montrachet-1er-cru-2014-les-referts-jm-boillot-768x768.jpg 768w, https:\/\/www.comptoirdesmillesimes.com\/blog\/wp-content\/uploads\/2016\/08\/puligny-montrachet-1er-cru-2014-les-referts-jm-boillot.jpg 800w\" sizes=\"auto, (max-width: 300px) 100vw, 300px\" \/><\/a><\/p>\n<p style=\"text-align: justify;\">Le <strong><a href=\"https:\/\/www.comptoirdesmillesimes.com\/puligny-montrachet\">Puligny Montrachet<\/a>\u00a0<\/strong>1er Cru les Referts se d\u00e9veloppe comme\u00a0un grand vin.\u00a0Il a un nez strict et lin\u00e9aire, avec des\u00a0senteurs min\u00e9rales qui se d\u00e9veloppe bien dans le verre.\u00a0La bouche est bien \u00e9quilibr\u00e9e, assez puissante d\u00e8s le d\u00e9but avec le\u00a0zeste de citron, des notes de\u00a0gingembre et une note saline tr\u00e8s\u00a0agr\u00e9able, qui demande une\u00a0autre gorg\u00e9e sur la finition. Un vin intense et classe.<\/p>\n<p style=\"text-align: center;\"><strong>Puligny-Montrachet 1er cru Champs Canet<\/strong><\/p>\n<p style=\"text-align: center;\"><a href=\"https:\/\/www.comptoirdesmillesimes.com\/puligny-montrachet\/puligny-montrachet-1er-cru-2014-champs-canet-jm-boillot.html\"><img loading=\"lazy\" decoding=\"async\" class=\"aligncenter size-medium wp-image-900\" style=\"text-align: justify;\" src=\"https:\/\/www.comptoirdesmillesimes.com\/blog\/wp-content\/uploads\/2016\/08\/puligny-montrachet-1er-cru-2014-champs-canet-jm-boillot-300x300.jpg\" alt=\"Puligny Boillot Champs Canet\" width=\"300\" height=\"300\" srcset=\"https:\/\/www.comptoirdesmillesimes.com\/blog\/wp-content\/uploads\/2016\/08\/puligny-montrachet-1er-cru-2014-champs-canet-jm-boillot-300x300.jpg 300w, https:\/\/www.comptoirdesmillesimes.com\/blog\/wp-content\/uploads\/2016\/08\/puligny-montrachet-1er-cru-2014-champs-canet-jm-boillot-150x150.jpg 150w, https:\/\/www.comptoirdesmillesimes.com\/blog\/wp-content\/uploads\/2016\/08\/puligny-montrachet-1er-cru-2014-champs-canet-jm-boillot-768x768.jpg 768w, https:\/\/www.comptoirdesmillesimes.com\/blog\/wp-content\/uploads\/2016\/08\/puligny-montrachet-1er-cru-2014-champs-canet-jm-boillot.jpg 800w\" sizes=\"auto, (max-width: 300px) 100vw, 300px\" \/><\/a><\/p>\n<p style=\"text-align: justify;\">Le vin poss\u00e8de une min\u00e9ralit\u00e9 qui rappelle son terroir caillouteux. Il ne manque \u00a0pas de mati\u00e8re, mais celle-ci est plus lin\u00e9aire que dans les Combettes, plus rondes et souples. Sa finale est d&rsquo;une belle persistance malgr\u00e9 tout.<\/p>\n<h4 style=\"text-align: center;\"><a href=\"https:\/\/www.comptoirdesmillesimes.com\/jean-marc-boillot\"><strong>\u25ba RETROUVEZ TOUS NOS GRANDS MILL\u00c9SIMES DU DOMAINE JEAN-MARC BOILLOT\u00a0DISPONIBLES \u00c0 L\u2019ACHAT \u25c4<\/strong><\/a><\/h4>\n<p style=\"text-align: justify;\"><div class=\"feedzy-d2d5be5585c7d1321612f631c8473dde feedzy-rss\"><ul><li  style=\"padding: 15px 0 25px\" class=\"rss_item\"><div class=\"rss_image\" style=\"height:150px;width:150px;\"><a href=\"https:\/\/www.comptoirdesmillesimes.com\/producteurvigneron\/pommard-2021-jm-boillot.html\" target=\"_blank\" rel=\" noopener\" title=\"Pommard 2021 - JM Boillot - 52,00\u00a0\u20ac\" style=\"height:150px;width:150px;\"><img decoding=\"async\" src=\"https:\/\/www.comptoirdesmillesimes.com\/57593-small_default\/pommard-2021-jm-boillot.jpg\" title=\"Pommard 2021 - JM Boillot - 52,00\u00a0\u20ac\" style=\"height:150px;width:150px;\"><\/a><\/div><span class=\"title\"><a href=\"https:\/\/www.comptoirdesmillesimes.com\/producteurvigneron\/pommard-2021-jm-boillot.html\" target=\"_blank\" rel=\" noopener\">Pommard 2021 - JM Boillot - 52,00\u00a0\u20ac<\/a><\/span><div class=\"rss_content\" style=\"\"><\/div><\/li><li  style=\"padding: 15px 0 25px\" class=\"rss_item\"><div class=\"rss_image\" style=\"height:150px;width:150px;\"><a href=\"https:\/\/www.comptoirdesmillesimes.com\/jean-marc-boillot\/volnay-1er-cru-le-ronceret-2018-jm-boillot.html\" target=\"_blank\" rel=\" noopener\" title=\"Volnay 1er cru Le Ronceret 2018 - JM Boillot - 62,00\u00a0\u20ac\" style=\"height:150px;width:150px;\"><img decoding=\"async\" src=\"https:\/\/www.comptoirdesmillesimes.com\/57612-small_default\/volnay-1er-cru-le-ronceret-2018-jm-boillot.jpg\" title=\"Volnay 1er cru Le Ronceret 2018 - JM Boillot - 62,00\u00a0\u20ac\" style=\"height:150px;width:150px;\"><\/a><\/div><span class=\"title\"><a href=\"https:\/\/www.comptoirdesmillesimes.com\/jean-marc-boillot\/volnay-1er-cru-le-ronceret-2018-jm-boillot.html\" target=\"_blank\" rel=\" noopener\">Volnay 1er cru Le Ronceret 2018 - JM Boillot - 62,00\u00a0\u20ac<\/a><\/span><div class=\"rss_content\" style=\"\"><\/div><\/li><li  style=\"padding: 15px 0 25px\" class=\"rss_item\"><div class=\"rss_image\" style=\"height:150px;width:150px;\"><a href=\"https:\/\/www.comptoirdesmillesimes.com\/jean-marc-boillot\/bourgogne-blanc-2022-jm-boillot.html\" target=\"_blank\" rel=\" noopener\" title=\"Bourgogne Blanc 2022 - JM Boillot - 24,00\u00a0\u20ac\" style=\"height:150px;width:150px;\"><img decoding=\"async\" src=\"https:\/\/www.comptoirdesmillesimes.com\/62116-small_default\/bourgogne-blanc-2022-jm-boillot.jpg\" title=\"Bourgogne Blanc 2022 - JM Boillot - 24,00\u00a0\u20ac\" style=\"height:150px;width:150px;\"><\/a><\/div><span class=\"title\"><a href=\"https:\/\/www.comptoirdesmillesimes.com\/jean-marc-boillot\/bourgogne-blanc-2022-jm-boillot.html\" target=\"_blank\" rel=\" noopener\">Bourgogne Blanc 2022 - JM Boillot - 24,00\u00a0\u20ac<\/a><\/span><div class=\"rss_content\" style=\"\"><\/div><\/li><li  style=\"padding: 15px 0 25px\" class=\"rss_item\"><div class=\"rss_image\" style=\"height:150px;width:150px;\"><a href=\"https:\/\/www.comptoirdesmillesimes.com\/jean-marc-boillot\/beaune-1er-cru-epenottes-2021-jm-boillot.html\" target=\"_blank\" rel=\" noopener\" title=\"Beaune 1er cru \u00c9penottes 2021 - JM Boillot - 56,00\u00a0\u20ac\" style=\"height:150px;width:150px;\"><img decoding=\"async\" src=\"https:\/\/www.comptoirdesmillesimes.com\/69384-small_default\/beaune-1er-cru-epenottes-2021-jm-boillot.jpg\" title=\"Beaune 1er cru \u00c9penottes 2021 - JM Boillot - 56,00\u00a0\u20ac\" style=\"height:150px;width:150px;\"><\/a><\/div><span class=\"title\"><a href=\"https:\/\/www.comptoirdesmillesimes.com\/jean-marc-boillot\/beaune-1er-cru-epenottes-2021-jm-boillot.html\" target=\"_blank\" rel=\" noopener\">Beaune 1er cru \u00c9penottes 2021 - JM Boillot - 56,00\u00a0\u20ac<\/a><\/span><div class=\"rss_content\" style=\"\"><\/div><\/li><li  style=\"padding: 15px 0 25px\" class=\"rss_item\"><div class=\"rss_image\" style=\"height:150px;width:150px;\"><a href=\"https:\/\/www.comptoirdesmillesimes.com\/jean-marc-boillot\/puligny-montrachet-1er-cru-champ-canet-2023-jm-boillot.html\" target=\"_blank\" rel=\" noopener\" title=\"Puligny-Montrachet 1er cru Champ Canet 2023 - JM Boillot - 92,00\u00a0\u20ac\" style=\"height:150px;width:150px;\"><img decoding=\"async\" src=\"https:\/\/www.comptoirdesmillesimes.com\/69401-small_default\/puligny-montrachet-1er-cru-champ-canet-2023-jm-boillot.jpg\" title=\"Puligny-Montrachet 1er cru Champ Canet 2023 - JM Boillot - 92,00\u00a0\u20ac\" style=\"height:150px;width:150px;\"><\/a><\/div><span class=\"title\"><a href=\"https:\/\/www.comptoirdesmillesimes.com\/jean-marc-boillot\/puligny-montrachet-1er-cru-champ-canet-2023-jm-boillot.html\" target=\"_blank\" rel=\" noopener\">Puligny-Montrachet 1er cru Champ Canet 2023 - JM Boillot - 92,00\u00a0\u20ac<\/a><\/span><div class=\"rss_content\" style=\"\"><\/div><\/li><\/ul> <\/div><style type=\"text\/css\" media=\"all\">.feedzy-rss .rss_item .rss_image{float:left;position:relative;border:none;text-decoration:none;max-width:100%}.feedzy-rss .rss_item .rss_image span{display:inline-block;position:absolute;width:100%;height:100%;background-position:50%;background-size:cover}.feedzy-rss .rss_item .rss_image{margin:.3em 1em 0 0;content-visibility:auto}.feedzy-rss ul{list-style:none}.feedzy-rss ul li{display:inline-block}<\/style><\/p>\n<p style=\"text-align: center;\">\n","protected":false},"excerpt":{"rendered":"<p>Le domaine Jean-Marc Boillot Jean-Marc Boillot s&rsquo;est install\u00e9 en 1985 apr\u00e8s avoir\u00a0vinifi\u00e9 pour Olivier Leflaive Fr\u00e8res. Il a d\u00e9marr\u00e9 en louant quelques parcelles \u00e0 Pommard, qu&rsquo;il a compl\u00e9t\u00e9\u00a0de vignes \u00e0 Pommard et \u00e0\u00a0Volnay h\u00e9rit\u00e9es du c\u00f4t\u00e9 paternel en 1988 (gr\u00e2ce \u00e0 son autre grand-p\u00e8re \u00c9tienne Sauzet), repr\u00e9sentant un tiers du domaine\u00a0\u00c9tienne Sauzet. Le domaine exploite&hellip;<\/p>\n","protected":false},"author":14,"featured_media":5410,"comment_status":"open","ping_status":"open","sticky":false,"template":"","format":"standard","meta":{"_jetpack_memberships_contains_paid_content":false,"footnotes":""},"categories":[36,23],"tags":[],"class_list":["post-890","post","type-post","status-publish","format-standard","has-post-thumbnail","hentry","category-direct-producteur","category-bourgogne"],"gutentor_comment":1,"jetpack_featured_media_url":"https:\/\/www.comptoirdesmillesimes.com\/blog\/wp-content\/uploads\/2016\/08\/guide-du-domaine-jean-marc-boillot.jpg","jetpack_sharing_enabled":true,"_links":{"self":[{"href":"https:\/\/www.comptoirdesmillesimes.com\/blog\/wp-json\/wp\/v2\/posts\/890","targetHints":{"allow":["GET"]}}],"collection":[{"href":"https:\/\/www.comptoirdesmillesimes.com\/blog\/wp-json\/wp\/v2\/posts"}],"about":[{"href":"https:\/\/www.comptoirdesmillesimes.com\/blog\/wp-json\/wp\/v2\/types\/post"}],"author":[{"embeddable":true,"href":"https:\/\/www.comptoirdesmillesimes.com\/blog\/wp-json\/wp\/v2\/users\/14"}],"replies":[{"embeddable":true,"href":"https:\/\/www.comptoirdesmillesimes.com\/blog\/wp-json\/wp\/v2\/comments?post=890"}],"version-history":[{"count":15,"href":"https:\/\/www.comptoirdesmillesimes.com\/blog\/wp-json\/wp\/v2\/posts\/890\/revisions"}],"predecessor-version":[{"id":5412,"href":"https:\/\/www.comptoirdesmillesimes.com\/blog\/wp-json\/wp\/v2\/posts\/890\/revisions\/5412"}],"wp:featuredmedia":[{"embeddable":true,"href":"https:\/\/www.comptoirdesmillesimes.com\/blog\/wp-json\/wp\/v2\/media\/5410"}],"wp:attachment":[{"href":"https:\/\/www.comptoirdesmillesimes.com\/blog\/wp-json\/wp\/v2\/media?parent=890"}],"wp:term":[{"taxonomy":"category","embeddable":true,"href":"https:\/\/www.comptoirdesmillesimes.com\/blog\/wp-json\/wp\/v2\/categories?post=890"},{"taxonomy":"post_tag","embeddable":true,"href":"https:\/\/www.comptoirdesmillesimes.com\/blog\/wp-json\/wp\/v2\/tags?post=890"}],"curies":[{"name":"wp","href":"https:\/\/api.w.org\/{rel}","templated":true}]}}